{"id":1069,"date":"2014-06-12T13:07:31","date_gmt":"2014-06-12T12:07:31","guid":{"rendered":"http:\/\/www.kultur-sucht-raum.de\/?p=321"},"modified":"2023-07-02T06:53:41","modified_gmt":"2023-07-02T04:53:41","slug":"die-schwafelrunde-ruft-auf-brn-2014-und-der-mond-von-rio-reiser","status":"publish","type":"post","link":"https:\/\/jankosyk.de\/en\/die-schwafelrunde-ruft-auf-brn-2014-und-der-mond-von-rio-reiser\/","title":{"rendered":"Die Schwafelrunde ruft auf: BRN 2014 und der Mond von Rio Reiser"},"content":{"rendered":"<p><em>Da die folgende Information nirgends online zu finden ist, archivieren wir sie hier. Vor allem weil uns die Idee gef\u00e4llt.<br \/>\n<\/em><\/p>\n<p>&nbsp;<\/p>\n<p>Liebe Veranstalter, liebe B\u00fchnenbetreiber, liebe Rumtreiber und liebes buntes Volk,<\/p>\n<p>die <a href=\"http:\/\/brn-schwafelrunde.de\/\">Schwafelrunde<\/a> (ohne Ritter) hat sich dieses Jahr dem Mond hingegeben. Und als besonderes Highlight planen wir einen gemeinsamen Ausklang am\u00a0<strong>Sonntag (15.06.)<\/strong>, indem ALLE anwesenden Feiernde, G\u00e4ste und K\u00fcnstler gemeinsam um\u00a0<strong>20:51 Uhr\u00a0<\/strong>den Song\u00a0<strong>&#8220;Junimond&#8221;<\/strong>\u00a0(Rio Reiser) anstimmen.<\/p>\n<p>Im Anhang findet Ihr den Text zum Weiterverteilen:<\/p>\n<ul>\n<li>Auslegen am Stand<\/li>\n<li>Weitererz\u00e4hlen<\/li>\n<li>selber Singen<\/li>\n<li>selber Klampfen<\/li>\n<\/ul>\n<p>&#8230;. und eine Version mit Akkorden f\u00fcr die Musiker, die um 20:51 auf Eurer B\u00fchne stehen. Im Programmheft ist der Text ebenfalls ver\u00f6ffentlicht.<\/p>\n<p><strong>Lasst den JUNIMOND akustisch erstrahlen. DANKE f\u00fcr Eure Unterst\u00fctzung.<\/strong><\/p>\n<p>Ulla (im Namen der gesamten Schwafelrunde)<\/p>\n<ul>\n<li><a href=\"http:\/\/www.kultur-sucht-raum.de\/wp-content\/uploads\/2014\/06\/Junimond.jpg\">Songtext<\/a><\/li>\n<li><a href=\"http:\/\/www.guitaretab.com\/r\/rio-reiser\/128428.html\">Akkorde auf GuitarTab.com<\/a><\/li>\n<\/ul>\n<p>&nbsp;<\/p>\n<h2>Pr\u00e4ambel BRN 2014<\/h2>\n<blockquote>\n<p><strong><em>Die Bunte Republik Neustadt, der Freitag und der Moooooooooond<\/em><\/strong><em><br \/>\n<\/em><\/p>\n<p><em>Es war einmal ein Vollmond! Und die Schwafelrunde (ohne Ritter) schaute mit offenem Mund in den unglaublichen Nachthimmel, der sich \u00fcber unserer fast ebenso unglaublichen Republik w\u00f6lbt. Schade, dachten wir, schade, dass es bei der BRN keinen Vollmond gibt. Aber warum eigentlich nicht, dachten wir. Was nicht ist, das kann doch werden.<\/em><\/p>\n<p><em>Und so haben wir bei der Kulturstiftung des Freistaates Sachsen und dem Kulturamt der Stadt Dresden Geld beantragt und der Sternwarte der TU unter der Hand soviel davon abgegeben, dass die damit alle F\u00fcnfe gerade und den Mann im Mond einen guten sein lassen konnten.<\/em><\/p>\n<p><em>Es wird Vollmond geben! Am Freitag der diesj\u00e4hrigen Festivit\u00e4ten zur Feier unserer Republik wird er mit Unterst\u00fctzung von Wissenschaft und Forschheit unsere Wege und Pl\u00e4tze ausleuchten. Leider gibt es aber auch in diesem Falle einen Pferdefu\u00df: Um das Gl\u00fcck eines Vollmondes rechtfertigen zu k\u00f6nnen, wurde uns auf der anderen Seite das vielfache Pech eines Freitags des Dreizehnten zugeteilt. Was f\u00fcr ein Zufall!<\/em><\/p>\n<p><em>Jetzt k\u00f6nnen wir uns am Festwochenende zwischen Voll und Mond, Frei und Tag, Hell und Dunkel, Gl\u00fcck und Pech bewegen, wie im richtigen Leben eben. Aber lasst es uns zu unserem pers\u00f6nlichen und privaten Vollmond machen. Lasst uns heulen, liebe Meute.<\/em><\/p>\n<p><em>Und am Ende singen wir, dass es vorbei ist mit dem Junimond. Und weinen wieder.<\/em><\/p>\n<\/blockquote>\n<p><em>\u00a0<\/em><\/p>\n<p><a href=\"http:\/\/www.kultur-sucht-raum.de\/?flattrss_redirect&#038;id=321&#038;md5=17cee0a7b87381812276e68aae69c521\" title=\"Flattr\" ><img decoding=\"async\" src=\"http:\/\/www.kultur-sucht-raum.de\/wp-content\/plugins\/flattr\/img\/flattr-badge-large.png\" alt=\"flattr this!\"\/><\/a><\/p>\n","protected":false},"excerpt":{"rendered":"<p>Da die folgende Information nirgends online zu finden ist, archivieren wir sie hier. Vor allem weil uns die Idee gef&auml;llt. &nbsp; Liebe Veranstalter, liebe B&uuml;hnenbetreiber, liebe Rumtreiber und liebes buntes Volk, die Schwafelrunde (ohne Ritter) hat sich dieses Jahr dem Mond hingegeben. Und als besonderes Highlight planen wir einen gemeinsamen Ausklang am&nbsp;Sonntag (15.06.), indem ALLE [&hellip;]<\/p>\n","protected":false},"author":1,"featured_media":0,"comment_status":"open","ping_status":"open","sticky":false,"template":"","format":"standard","meta":{"_aioseo_title":"","_aioseo_description":"","footnotes":""},"categories":[37],"tags":[],"class_list":{"0":"post-1069","1":"post","2":"type-post","3":"status-publish","4":"format-standard","6":"category-allgemein"},"_links":{"self":[{"href":"https:\/\/jankosyk.de\/en\/wp-json\/wp\/v2\/posts\/1069","targetHints":{"allow":["GET"]}}],"collection":[{"href":"https:\/\/jankosyk.de\/en\/wp-json\/wp\/v2\/posts"}],"about":[{"href":"https:\/\/jankosyk.de\/en\/wp-json\/wp\/v2\/types\/post"}],"author":[{"embeddable":true,"href":"https:\/\/jankosyk.de\/en\/wp-json\/wp\/v2\/users\/1"}],"replies":[{"embeddable":true,"href":"https:\/\/jankosyk.de\/en\/wp-json\/wp\/v2\/comments?post=1069"}],"version-history":[{"count":1,"href":"https:\/\/jankosyk.de\/en\/wp-json\/wp\/v2\/posts\/1069\/revisions"}],"predecessor-version":[{"id":4532,"href":"https:\/\/jankosyk.de\/en\/wp-json\/wp\/v2\/posts\/1069\/revisions\/4532"}],"wp:attachment":[{"href":"https:\/\/jankosyk.de\/en\/wp-json\/wp\/v2\/media?parent=1069"}],"wp:term":[{"taxonomy":"category","embeddable":true,"href":"https:\/\/jankosyk.de\/en\/wp-json\/wp\/v2\/categories?post=1069"},{"taxonomy":"post_tag","embeddable":true,"href":"https:\/\/jankosyk.de\/en\/wp-json\/wp\/v2\/tags?post=1069"}],"curies":[{"name":"wp","href":"https:\/\/api.w.org\/{rel}","templated":true}]}}