{"id":1085,"date":"2014-07-20T20:56:17","date_gmt":"2014-07-20T19:56:17","guid":{"rendered":"http:\/\/www.kultur-sucht-raum.de\/?p=513"},"modified":"2023-07-02T06:53:35","modified_gmt":"2023-07-02T04:53:35","slug":"vielfaeltige-kultur-und-viel-verstaendnis","status":"publish","type":"post","link":"https:\/\/jankosyk.de\/en\/vielfaeltige-kultur-und-viel-verstaendnis\/","title":{"rendered":"Vielf\u00e4ltige Kultur und viel Verst\u00e4ndnis"},"content":{"rendered":"<p>Am gestrigen Samstag demonstrierten \u00fcber 50 K\u00fcnstlerinnen und K\u00fcnstler vor \u00fcber 1.000 Zuschauenden, was Stra\u00dfenkunst in Dresden bedeutet. Sie zeigten eindrucksvoll, dass die Dresdner Innenstadt erst duch Akrobatik, Jonglage, Seifenblasen, Feuershows und Musik vom Streichquartett bis zur Jam-Session bunt und vielf\u00e4ltig wird.<\/p>\n<p>Sehr viel Zuspruch gab es vom Publikum. Das beweisen nicht nur die 885 \u00fcber den Tag gesammelten Unterschriften, sondern auch die vielen ungl\u00e4ubigen Fragen, die W\u00fcnsche f\u00fcr Erfolg und Gl\u00fcck und das Kopfsch\u00fctteln \u00fcber die Eigenm\u00e4chtigkeit der Oberb\u00fcrgermeisterin. H\u00e4ufig fiel der Satz, dass die Stra\u00dfenkunst ein wichtiger Bestandteil Dresdens ist und einen hohen Stellenwert f\u00fcr die Dresdner G\u00e4ste besitzt.<\/p>\n<p>Wir werden weiter daran arbeiten, die Verordnung in der jetzigen Form abzuschaffen um eine Regelung zu finden, die allen hilft. Unterst\u00fctze uns mit <a href=\"https:\/\/www.openpetition.de\/petition\/online\/fuer-freie-ausuebung-von-strassenkunst-in-dresden-regulierungen-stoppen\">deiner Unterschrift<\/a>.<\/p>\n<h4>Bilder<\/h4>\n<ul>\n<li><a href=\"https:\/\/www.facebook.com\/media\/set\/?set=a.706872502700712.1073741841.542107522510545\">Impressionen &#8211; Demo f\u00fcr eine freie Aus\u00fcbung von Stra\u00dfenkunst<\/a><\/li>\n<\/ul>\n<p><a href=\"http:\/\/www.kultur-sucht-raum.de\/?flattrss_redirect&#038;id=513&#038;md5=c1c9332b42290d7131ff97920a636bee\" title=\"Flattr\" ><img decoding=\"async\" src=\"http:\/\/www.kultur-sucht-raum.de\/wp-content\/plugins\/flattr\/img\/flattr-badge-large.png\" alt=\"flattr this!\"\/><\/a><\/p>\n","protected":false},"excerpt":{"rendered":"<p>Am gestrigen Samstag demonstrierten &uuml;ber 50 K&uuml;nstlerinnen und K&uuml;nstler vor &uuml;ber 1.000 Zuschauenden, was Stra&szlig;enkunst in Dresden bedeutet. Sie zeigten eindrucksvoll, dass die Dresdner Innenstadt erst duch Akrobatik, Jonglage, Seifenblasen, Feuershows und Musik vom Streichquartett bis zur Jam-Session bunt und vielf&auml;ltig wird. Sehr viel Zuspruch gab es vom Publikum. Das beweisen nicht nur die 885 [&hellip;]<\/p>\n","protected":false},"author":1,"featured_media":0,"comment_status":"open","ping_status":"open","sticky":false,"template":"","format":"standard","meta":{"_aioseo_title":"","_aioseo_description":"","footnotes":""},"categories":[37],"tags":[],"class_list":{"0":"post-1085","1":"post","2":"type-post","3":"status-publish","4":"format-standard","6":"category-allgemein"},"_links":{"self":[{"href":"https:\/\/jankosyk.de\/en\/wp-json\/wp\/v2\/posts\/1085","targetHints":{"allow":["GET"]}}],"collection":[{"href":"https:\/\/jankosyk.de\/en\/wp-json\/wp\/v2\/posts"}],"about":[{"href":"https:\/\/jankosyk.de\/en\/wp-json\/wp\/v2\/types\/post"}],"author":[{"embeddable":true,"href":"https:\/\/jankosyk.de\/en\/wp-json\/wp\/v2\/users\/1"}],"replies":[{"embeddable":true,"href":"https:\/\/jankosyk.de\/en\/wp-json\/wp\/v2\/comments?post=1085"}],"version-history":[{"count":1,"href":"https:\/\/jankosyk.de\/en\/wp-json\/wp\/v2\/posts\/1085\/revisions"}],"predecessor-version":[{"id":4520,"href":"https:\/\/jankosyk.de\/en\/wp-json\/wp\/v2\/posts\/1085\/revisions\/4520"}],"wp:attachment":[{"href":"https:\/\/jankosyk.de\/en\/wp-json\/wp\/v2\/media?parent=1085"}],"wp:term":[{"taxonomy":"category","embeddable":true,"href":"https:\/\/jankosyk.de\/en\/wp-json\/wp\/v2\/categories?post=1085"},{"taxonomy":"post_tag","embeddable":true,"href":"https:\/\/jankosyk.de\/en\/wp-json\/wp\/v2\/tags?post=1085"}],"curies":[{"name":"wp","href":"https:\/\/api.w.org\/{rel}","templated":true}]}}