{"id":1093,"date":"2014-08-31T09:11:54","date_gmt":"2014-08-31T08:11:54","guid":{"rendered":"http:\/\/www.neustadtpiraten.de\/?p=5276"},"modified":"2023-07-02T06:53:27","modified_gmt":"2023-07-02T04:53:27","slug":"erst-waehlen-gehen-dann-zur-wahlparty-der-piraten","status":"publish","type":"post","link":"https:\/\/jankosyk.de\/en\/erst-waehlen-gehen-dann-zur-wahlparty-der-piraten\/","title":{"rendered":"Erst w\u00e4hlen gehen \u2013 dann zur Wahlparty der PIRATEN!"},"content":{"rendered":"<p style=\"text-align: justify;\">Am Sonntag ist Wahltag und wir hoffen ihr geht alle w\u00e4hlen, um rechten Parteien den (Wieder-) Einzug in den Landtag zu verwehren und die konservative Politik der letzten Jahre in die Schranken zu verweisen.<\/p>\n<p style=\"text-align: justify;\">Ihr seid herzlich eingeladen, <strong>ab 17:30 Uhr<\/strong> mit uns gemeinsam in der <strong>Landesgesch\u00e4ftsstelle der PIRATEN Sachsen (Kamenzer Stra\u00dfe 13)<\/strong> die Wahlergebnisse abzuwarten und mit uns zu feiern.<\/p>\n<p style=\"text-align: justify;\"><span class=\"fsl\">Getr\u00e4nke sind ausreichend vorhanden. An Essen ist f\u00fcr alle was dabei \u2013 Fleisch, vegetarisches und veganes.<\/span><\/p>\n<p>Also kommt vorbei, wir freuen uns auf euch!<\/p>\n<p style=\"text-align: justify;\"><strong>Auf diesem Weg m\u00f6chten wir uns auch bei allen bedanken, die uns in den letzten Wochen und Monaten tatkr\u00e4ftig unterst\u00fctzt haben, an Infost\u00e4nden standen, plakatiert haben und auch sonst alles taten, damit dieser Wahlkampf gelingt. Danke f\u00fcr euer Engagement, eure Hilfsbereitsschaft und euer Durchhalteverm\u00f6gen!<\/strong><\/p>\n","protected":false},"excerpt":{"rendered":"<p>Am Sonntag ist Wahltag und wir hoffen ihr geht alle w&auml;hlen, um rechten Parteien den (Wieder-) Einzug in den Landtag zu verwehren und die konservative Politik der letzten Jahre in die Schranken zu verweisen. Ihr seid herzlich eingeladen, ab 17:30 Uhr mit uns gemeinsam in der Landesgesch&auml;ftsstelle der PIRATEN Sachsen (Kamenzer Stra&szlig;e 13) die Wahlergebnisse [&hellip;]<\/p>\n","protected":false},"author":1,"featured_media":0,"comment_status":"open","ping_status":"open","sticky":false,"template":"","format":"standard","meta":{"_aioseo_title":"","_aioseo_description":"","footnotes":""},"categories":[37],"tags":[],"class_list":{"0":"post-1093","1":"post","2":"type-post","3":"status-publish","4":"format-standard","6":"category-allgemein"},"_links":{"self":[{"href":"https:\/\/jankosyk.de\/en\/wp-json\/wp\/v2\/posts\/1093","targetHints":{"allow":["GET"]}}],"collection":[{"href":"https:\/\/jankosyk.de\/en\/wp-json\/wp\/v2\/posts"}],"about":[{"href":"https:\/\/jankosyk.de\/en\/wp-json\/wp\/v2\/types\/post"}],"author":[{"embeddable":true,"href":"https:\/\/jankosyk.de\/en\/wp-json\/wp\/v2\/users\/1"}],"replies":[{"embeddable":true,"href":"https:\/\/jankosyk.de\/en\/wp-json\/wp\/v2\/comments?post=1093"}],"version-history":[{"count":1,"href":"https:\/\/jankosyk.de\/en\/wp-json\/wp\/v2\/posts\/1093\/revisions"}],"predecessor-version":[{"id":4503,"href":"https:\/\/jankosyk.de\/en\/wp-json\/wp\/v2\/posts\/1093\/revisions\/4503"}],"wp:attachment":[{"href":"https:\/\/jankosyk.de\/en\/wp-json\/wp\/v2\/media?parent=1093"}],"wp:term":[{"taxonomy":"category","embeddable":true,"href":"https:\/\/jankosyk.de\/en\/wp-json\/wp\/v2\/categories?post=1093"},{"taxonomy":"post_tag","embeddable":true,"href":"https:\/\/jankosyk.de\/en\/wp-json\/wp\/v2\/tags?post=1093"}],"curies":[{"name":"wp","href":"https:\/\/api.w.org\/{rel}","templated":true}]}}