{"id":1099,"date":"2014-08-31T20:00:05","date_gmt":"2014-08-31T19:00:05","guid":{"rendered":"http:\/\/dresden-sellout.de\/?p=88"},"modified":"2023-07-02T06:53:26","modified_gmt":"2023-07-02T04:53:26","slug":"dresden-sellout-august-2014","status":"publish","type":"post","link":"https:\/\/jankosyk.de\/en\/dresden-sellout-august-2014\/","title":{"rendered":"Dresden Sellout \u2013 August 2014"},"content":{"rendered":"<p><!--[if lt IE 9]><script>document.createElement('audio');<\/script><![endif]--><br \/>\n<audio class=\"wp-audio-shortcode\" id=\"audio-88-1\" preload=\"none\" style=\"width: 100%; visibility: hidden;\" controls=\"controls\"><source type=\"audio\/mpeg\" src=\"http:\/\/dresden-sellout.de\/wp-content\/uploads\/2014\/08\/Dresden-Sellout-August-2014-Podcast.mp3?_=1\" \/><a href=\"http:\/\/dresden-sellout.de\/wp-content\/uploads\/2014\/08\/Dresden-Sellout-August-2014-Podcast.mp3\">http:\/\/dresden-sellout.de\/wp-content\/uploads\/2014\/08\/Dresden-Sellout-August-2014-Podcast.mp3<\/a><\/audio><\/p>\n<h1>\u00a0Themen<\/h1>\n<ul>\n<li>Auswertung zur <a href=\"http:\/\/taz.de\/\">taz<\/a>-Podiumsdiskussion &#8220;Die Kunst des Wohnens&#8221; vom 19. August in der Schauburg<\/li>\n<li>Interview zum Stand der neuen Stra\u00dfenkunstverordnung mit Georg Gr\u00e4\u00dfler, Sprecher der Initiative <a href=\"http:\/\/artists-of-dresden.org\/\">Artists of Dresden<\/a><\/li>\n<\/ul>\n<h1>Termine<\/h1>\n<ul>\n<li><strong>gleich, 22:30 Uhr<\/strong> Die neue Sendung <a href=\"http:\/\/nachtkonzert.net\/\">Nachtkonzert: Beim Zuh\u00f6ren zuh\u00f6ren<\/a> von Ente und Jan auf <a href=\"http:\/\/coloradio.org\/\">ColoRadio<\/a>.<\/li>\n<li><strong>Dienstag, 2. September, 20 Uhr<\/strong> <a href=\"http:\/\/lotus-bio-imbiss.de\/#kulturimlotus\">Kultur im Lotus<\/a> mit <a href=\"http:\/\/chiefinthegarden.de\/\">Chief in the Garden<\/a><\/li>\n<li><strong>Donnerstag, 4. September, 16 Uhr<\/strong> Der neue Stadtrat tagt zum ersten Mal. Spannend wird&#8217;s, weil es um die Aussetzung der neuen Stra\u00dfenkunstverordnung geht. Au\u00dferdem wird der Partei <a href=\"http:\/\/die-partei.net\/dresden\/\">Die Partei<\/a> ein ihr nach Satzung zustehender Ortsbeiratssitz in der Neustadt verwehrt.<\/li>\n<li><strong>Sonntag, 7. September, 15 Uhr<\/strong> Kaffeeklatsch im <a href=\"http:\/\/schwarzes-schaf.net\/\">Schwarzen Schaf<\/a> auf der Louisenstra\u00dfe 44.<\/li>\n<li><strong>Montag, 8. September, 19 Uhr<\/strong> <a href=\"http:\/\/www.kultur-tweetup.de\/termin\/kultur-tweetup-ateliergemeinschaft-leisniger-strasse\/\">Kultur TweetUp<\/a> &#8220;Social Media f\u00fcr Kunst- und Kulturschaffende&#8221; in der Ateliergemeinschaft Leisniger Stra\u00dfe 23.<\/li>\n<li><strong>Donnerstag, 18. September, 19 Uhr<\/strong> <a href=\"http:\/\/www.wir-gestalten-dresden.de\/veranstaltungen\/schwatzmarkt-fuer-engagierte\/\">Schwatzmarkt<\/a> im <a href=\"http:\/\/www.kulturbuero-dresden.de\/\">Kulturb\u00fcro Dresden<\/a>.<\/li>\n<\/ul>\n<h1>Vollst\u00e4ndige Interviews<\/h1>\n<div>Vollst\u00e4ndiges Interview mit Georg Gr\u00e4\u00dfler (Artists of Dresden)<br \/>\n<audio class=\"wp-audio-shortcode\" id=\"audio-88-2\" preload=\"none\" style=\"width: 100%; visibility: hidden;\" controls=\"controls\"><source type=\"audio\/mpeg\" src=\"http:\/\/dresden-sellout.de\/wp-content\/uploads\/2014\/08\/Interview-Stra\u00dfenkunstverordnung-mit-Georg-Gr\u00e4\u00dfler.mp3?_=2\" \/><a href=\"http:\/\/dresden-sellout.de\/wp-content\/uploads\/2014\/08\/Interview-Stra%C3%9Fenkunstverordnung-mit-Georg-Gr%C3%A4%C3%9Fler.mp3\">http:\/\/dresden-sellout.de\/wp-content\/uploads\/2014\/08\/Interview-Stra\u00dfenkunstverordnung-mit-Georg-Gr\u00e4\u00dfler.mp3<\/a><\/audio><\/p>\n<\/div>\n<h1>Links<\/h1>\n<ul>\n<li><a href=\"http:\/\/coloradio.org\/site\/2014\/08\/die-kunst-des-wohnens-2\/\">Mitschnitt<\/a> zur Podiumsdiskussion &#8220;Kunst des Wohnens&#8221; auf ColoRadio.<\/li>\n<li><a href=\"http:\/\/asonet.tk\/blog\/?x=entry:entry140824-124530\">Ged\u00e4chtnisprotokoll und MItschnittt<\/a> zur Podiumsdiskussion &#8220;Kunst des Wohnens&#8221; auf dem a.blog<\/li>\n<li>Initiative <a href=\"http:\/\/artists-of-dresden.org\/\">Artists of Dresden<\/a> f\u00fcr eine gerechtere Stra\u00dfenkunstverordnung<\/li>\n<li><a href=\"http:\/\/lotus-bio-imbiss.de\/#kulturimlotus\">Kultur im Lotus Bio Imbiss<\/a><\/li>\n<li><a href=\"http:\/\/www.kultur-tweetup.de\/termin\/kultur-tweetup-ateliergemeinschaft-leisniger-strasse\/\">Kultur TweetUp<\/a> &#8220;Social Media f\u00fcr Kunst- und Kulturschaffende&#8221;<\/li>\n<li><a href=\"http:\/\/www.wir-gestalten-dresden.de\/veranstaltungen\/schwatzmarkt-fuer-engagierte\/\">Schwatzmarkt<\/a> im <a href=\"http:\/\/www.kulturbuero-dresden.de\/\">Kulturb\u00fcro Dresden<\/a><\/li>\n<\/ul>\n<h1>Musik<\/h1>\n<ul>\n<li><a href=\"https:\/\/www.youtube.com\/watch?v=TMJwkl4B4Ao\">Pi Movie Soundtrack<\/a><\/li>\n<li><a href=\"https:\/\/www.youtube.com\/watch?v=2F5tUyUhVqc\">Drive (OST) &#8211; A Real Hero<\/a><\/li>\n<\/ul>\n","protected":false},"excerpt":{"rendered":"<p>&nbsp;Themen Auswertung zur taz-Podiumsdiskussion &ldquo;Die Kunst des Wohnens&rdquo; vom 19. August in der Schauburg Interview zum Stand der neuen Stra&szlig;enkunstverordnung mit Georg Gr&auml;&szlig;ler, Sprecher der Initiative Artists of Dresden Termine gleich, 22:30 Uhr Die neue Sendung Nachtkonzert: Beim Zuh&ouml;ren zuh&ouml;ren von Ente und Jan auf ColoRadio. Dienstag, 2. September, 20 Uhr Kultur im Lotus mit [&hellip;]<\/p>\n","protected":false},"author":1,"featured_media":0,"comment_status":"open","ping_status":"open","sticky":false,"template":"","format":"standard","meta":{"_aioseo_title":"","_aioseo_description":"","footnotes":""},"categories":[37],"tags":[],"class_list":{"0":"post-1099","1":"post","2":"type-post","3":"status-publish","4":"format-standard","6":"category-allgemein"},"_links":{"self":[{"href":"https:\/\/jankosyk.de\/en\/wp-json\/wp\/v2\/posts\/1099","targetHints":{"allow":["GET"]}}],"collection":[{"href":"https:\/\/jankosyk.de\/en\/wp-json\/wp\/v2\/posts"}],"about":[{"href":"https:\/\/jankosyk.de\/en\/wp-json\/wp\/v2\/types\/post"}],"author":[{"embeddable":true,"href":"https:\/\/jankosyk.de\/en\/wp-json\/wp\/v2\/users\/1"}],"replies":[{"embeddable":true,"href":"https:\/\/jankosyk.de\/en\/wp-json\/wp\/v2\/comments?post=1099"}],"version-history":[{"count":1,"href":"https:\/\/jankosyk.de\/en\/wp-json\/wp\/v2\/posts\/1099\/revisions"}],"predecessor-version":[{"id":4502,"href":"https:\/\/jankosyk.de\/en\/wp-json\/wp\/v2\/posts\/1099\/revisions\/4502"}],"wp:attachment":[{"href":"https:\/\/jankosyk.de\/en\/wp-json\/wp\/v2\/media?parent=1099"}],"wp:term":[{"taxonomy":"category","embeddable":true,"href":"https:\/\/jankosyk.de\/en\/wp-json\/wp\/v2\/categories?post=1099"},{"taxonomy":"post_tag","embeddable":true,"href":"https:\/\/jankosyk.de\/en\/wp-json\/wp\/v2\/tags?post=1099"}],"curies":[{"name":"wp","href":"https:\/\/api.w.org\/{rel}","templated":true}]}}