{"id":1128,"date":"2015-02-06T12:58:58","date_gmt":"2015-02-06T11:58:58","guid":{"rendered":"http:\/\/www.neustadtpiraten.de\/?p=5327"},"modified":"2023-07-02T06:53:08","modified_gmt":"2023-07-02T04:53:08","slug":"im-januar-kann-ja-jeder-neujahrsempfang-der-piraten-dresden-am-11-februar","status":"publish","type":"post","link":"https:\/\/jankosyk.de\/en\/im-januar-kann-ja-jeder-neujahrsempfang-der-piraten-dresden-am-11-februar\/","title":{"rendered":"Im Januar kann ja jeder! \u2013 Neujahrsempfang der PIRATEN Dresden am 11. Februar"},"content":{"rendered":"<p>Unter dem Motto &#8220;Arrr&#8221; laden wir am Mittwoch, den 11. Februar, ab 18 Uhr in die Kommandozentrale unserer Sachsenflotte, Kamenzer Stra\u00dfe 13, ein.<\/p>\n<p>Passend zum europ\u00e4ischen Tag des Notrufs werden wir an diesem Abend das dringende Bed\u00fcrfnis der Dresdner Politik-Elite nach besten Mettbr\u00f6tchen und Bier ernst nehmen und sind auf jedweden Ansturm vorbereitet.<\/p>\n<p>Zur freudigen Unterhaltung der geneigten Leichtmatrosen wird der Abend musikalisch von unserem Protestchor untermalt. Etwaige W\u00fcnsche wie: &#8220;Aloha Oe&#8221; oder &#8220;Unser K\u00e4pt&#8217;n, der kann jeden&#8221;, werden nat\u00fcrlich nicht erf\u00fcllt, wir sind schlie\u00dflich Piraten.<\/p>\n<p>Nat\u00fcrlich wird sich unser Kapit\u00e4n &#8220;Flusenbart&#8221; in die Gefilde der niederen Mannschaftsr\u00e4nge begeben, um Rede und Antwort zu stehen&#8230; oder einfach nur, um von der Planke zu springen. Seine Offiziere werden ebenso anwesend sein und sind zu allen Schandtaten bereit, wie es eben nur echte Piraten sind.<\/p>\n<p>Im \u00dcbrigen gilt der Hinweis, dass &#8211; auch wenn Faschingsaison ist &#8211; nur Piraten in Seemanns-Montur erscheinen d\u00fcrfen. Wer sich dennoch nicht beherrschen kann, darf gern einen Antrag auf Aufnahme in die Schiffscrew der PIRATEN Dresden stellen.<\/p>\n","protected":false},"excerpt":{"rendered":"<p>Unter dem Motto &ldquo;Arrr&rdquo; laden wir am Mittwoch, den 11. Februar, ab 18 Uhr in die Kommandozentrale unserer Sachsenflotte, Kamenzer Stra&szlig;e 13, ein. Passend zum europ&auml;ischen Tag des Notrufs werden wir an diesem Abend das dringende Bed&uuml;rfnis der Dresdner Politik-Elite nach besten Mettbr&ouml;tchen und Bier ernst nehmen und sind auf jedweden Ansturm vorbereitet. Zur freudigen [&hellip;]<\/p>\n","protected":false},"author":1,"featured_media":0,"comment_status":"open","ping_status":"open","sticky":false,"template":"","format":"standard","meta":{"_aioseo_title":"","_aioseo_description":"","footnotes":""},"categories":[37],"tags":[],"class_list":{"0":"post-1128","1":"post","2":"type-post","3":"status-publish","4":"format-standard","6":"category-allgemein"},"_links":{"self":[{"href":"https:\/\/jankosyk.de\/en\/wp-json\/wp\/v2\/posts\/1128","targetHints":{"allow":["GET"]}}],"collection":[{"href":"https:\/\/jankosyk.de\/en\/wp-json\/wp\/v2\/posts"}],"about":[{"href":"https:\/\/jankosyk.de\/en\/wp-json\/wp\/v2\/types\/post"}],"author":[{"embeddable":true,"href":"https:\/\/jankosyk.de\/en\/wp-json\/wp\/v2\/users\/1"}],"replies":[{"embeddable":true,"href":"https:\/\/jankosyk.de\/en\/wp-json\/wp\/v2\/comments?post=1128"}],"version-history":[{"count":1,"href":"https:\/\/jankosyk.de\/en\/wp-json\/wp\/v2\/posts\/1128\/revisions"}],"predecessor-version":[{"id":4464,"href":"https:\/\/jankosyk.de\/en\/wp-json\/wp\/v2\/posts\/1128\/revisions\/4464"}],"wp:attachment":[{"href":"https:\/\/jankosyk.de\/en\/wp-json\/wp\/v2\/media?parent=1128"}],"wp:term":[{"taxonomy":"category","embeddable":true,"href":"https:\/\/jankosyk.de\/en\/wp-json\/wp\/v2\/categories?post=1128"},{"taxonomy":"post_tag","embeddable":true,"href":"https:\/\/jankosyk.de\/en\/wp-json\/wp\/v2\/tags?post=1128"}],"curies":[{"name":"wp","href":"https:\/\/api.w.org\/{rel}","templated":true}]}}