{"id":1131,"date":"2015-02-13T10:54:31","date_gmt":"2015-02-13T09:54:31","guid":{"rendered":"http:\/\/www.kultur-sucht-raum.de\/?p=671"},"modified":"2023-07-02T06:53:08","modified_gmt":"2023-07-02T04:53:08","slug":"pm-postplatzkonzerte-mit-samba-und-den-bagels","status":"publish","type":"post","link":"https:\/\/jankosyk.de\/en\/pm-postplatzkonzerte-mit-samba-und-den-bagels\/","title":{"rendered":"PM: Postplatzkonzerte mit Samba und den Bagels"},"content":{"rendered":"<p>Am kommenden Montag um 18 Uhr findet das dritte Postplatzkonzert auf dem Dresdner Postplatz statt. Neben kurzen Redebeitr\u00e4gen f\u00fcllen Samba-Rhythmen und Die Bagels das Programm. Feuershows und andere Stra\u00dfenk\u00fcnstler runden das Bild ab.<\/p>\n<p>&#8220;Auch an diesem Tag sind alle Menschen in und um Dresden herzlich eingeladen f\u00fcr die uneingeschr\u00e4nkte Umsetzung der Menschenrechte und das Recht auf freie Religionsaus\u00fcbung und gegen jedwede Diskriminierung auf die Stra\u00dfe zu gehen.&#8221;, sagt Jan Kossick von der Initiative &#8220;Kultur sucht Raum&#8221;, Mitorganisator der Postplatzkonzerte.<\/p>\n<p>In den folgenden Wochen finden die Postplatzkonzerte weiterhin montags um 18 Uhr auf dem Postplatz statt.<\/p>\n<p>Weitere Informationen:<br \/>\n<a href=\"http:\/\/www.kultur-sucht-raum.de\/2015\/02\/pm-postplatzkonzerte-mit-samba-und-den-bagels\/\">postplatzkonzerte.de<\/a><br \/>\n<a href=\"http:\/\/www.kultur-sucht-raum.de\/2015\/02\/pm-postplatzkonzerte-mit-samba-und-den-bagels\/\"> dresdenfueralle.de<\/a><br \/>\n<a href=\"http:\/\/www.kultur-sucht-raum.de\/2015\/02\/pm-postplatzkonzerte-mit-samba-und-den-bagels\/\"> www.diebagles.de<\/a><\/p>\n<p>Pressekontakt:<br \/>\nJan Kossick, 0173 944 88 95, presse@kultur-sucht-raum.de<\/p>\n","protected":false},"excerpt":{"rendered":"<p>Am kommenden Montag um 18 Uhr findet das dritte Postplatzkonzert auf dem Dresdner Postplatz statt. Neben kurzen Redebeitr&auml;gen f&uuml;llen Samba-Rhythmen und Die Bagels das Programm. Feuershows und andere Stra&szlig;enk&uuml;nstler runden das Bild ab. &ldquo;Auch an diesem Tag sind alle Menschen in und um Dresden herzlich eingeladen f&uuml;r die uneingeschr&auml;nkte Umsetzung der Menschenrechte und das Recht [&hellip;]<\/p>\n","protected":false},"author":1,"featured_media":0,"comment_status":"open","ping_status":"open","sticky":false,"template":"","format":"standard","meta":{"_aioseo_title":"","_aioseo_description":"","footnotes":""},"categories":[37],"tags":[],"class_list":{"0":"post-1131","1":"post","2":"type-post","3":"status-publish","4":"format-standard","6":"category-allgemein"},"_links":{"self":[{"href":"https:\/\/jankosyk.de\/en\/wp-json\/wp\/v2\/posts\/1131","targetHints":{"allow":["GET"]}}],"collection":[{"href":"https:\/\/jankosyk.de\/en\/wp-json\/wp\/v2\/posts"}],"about":[{"href":"https:\/\/jankosyk.de\/en\/wp-json\/wp\/v2\/types\/post"}],"author":[{"embeddable":true,"href":"https:\/\/jankosyk.de\/en\/wp-json\/wp\/v2\/users\/1"}],"replies":[{"embeddable":true,"href":"https:\/\/jankosyk.de\/en\/wp-json\/wp\/v2\/comments?post=1131"}],"version-history":[{"count":1,"href":"https:\/\/jankosyk.de\/en\/wp-json\/wp\/v2\/posts\/1131\/revisions"}],"predecessor-version":[{"id":4463,"href":"https:\/\/jankosyk.de\/en\/wp-json\/wp\/v2\/posts\/1131\/revisions\/4463"}],"wp:attachment":[{"href":"https:\/\/jankosyk.de\/en\/wp-json\/wp\/v2\/media?parent=1131"}],"wp:term":[{"taxonomy":"category","embeddable":true,"href":"https:\/\/jankosyk.de\/en\/wp-json\/wp\/v2\/categories?post=1131"},{"taxonomy":"post_tag","embeddable":true,"href":"https:\/\/jankosyk.de\/en\/wp-json\/wp\/v2\/tags?post=1131"}],"curies":[{"name":"wp","href":"https:\/\/api.w.org\/{rel}","templated":true}]}}