{"id":1141,"date":"2015-04-01T12:37:23","date_gmt":"2015-04-01T11:37:23","guid":{"rendered":"http:\/\/www.kultur-sucht-raum.de\/?p=712"},"modified":"2023-07-02T08:36:20","modified_gmt":"2023-07-02T06:36:20","slug":"stadtrat-plant-wagentage-nach-dresden-zu-holen","status":"publish","type":"post","link":"https:\/\/jankosyk.de\/en\/stadtrat-plant-wagentage-nach-dresden-zu-holen\/","title":{"rendered":"Stadtrat plant Wagentage nach Dresden zu holen"},"content":{"rendered":"\n<p>Die <strong>Wagentage<\/strong> sind ein Event, das alle vier Monate auf einem andern Platz in Deutschland stattfindet. Wagenpl\u00e4tze, Hausprojekte und Hofgemeinschaften organisieren in dieser Zeit Ausstellungen, Tanz, Theater, Konzerte und Performances die kosten- und barrierefrei von allen besucht werden k\u00f6nnen. Im Mai letzten Jahres fanden die <a href=\"http:\/\/www.lvz-online.de\/leipzig\/citynews\/wagentage-in-leipzig-konvoi-sorgt-im-sueden-fuer-verkehrschaos--polizei-rueckt-aus\/r-citynews-a-189996.html\">Wagentage in Leipzig<\/a> statt und stie\u00dfen auf gute Resonanz.<\/p>\n\n\n\n<p>Aus einem <a href=\"http:\/\/www.neustadtpiraten.de\/wp-content\/uploads\/2015\/04\/Antrag_Wagentage.pdf\">Antrag<\/a> von <a href=\"http:\/\/www.linke-fraktion-dresden.de\/\">Linke<\/a> und <a href=\"http:\/\/www.piraten-dresden.de\/\">Piraten<\/a>, unterst\u00fctzt von <a href=\"http:\/\/www.gruene-fraktion-dresden.de\/\">Gr\u00fcne<\/a> und <a href=\"http:\/\/www.spd-fraktion-dresden.de\/\">SPD<\/a>, geht hervor, dass der Stadtrat die Wagentage nun nach Dresden holen will. Als Standort ist der Theaterplatz geplant. Das wird m\u00f6glich, da die Semperoper vom 18. Juli bis 23. August in die Sommerpause geht und der Platz damit dauerhaft f\u00fcr die Wagentage zur Verf\u00fcgung steht. Die Ausgestaltung soll in Zusammenarbeit mit dem <a href=\"https:\/\/freiraumelbtal.wordpress.com\/\">Freiraum Elbtal<\/a>, der <a href=\"http:\/\/freiraum.fueralle.org\/\">IG Freir\u00e4ume<\/a> und dem <a href=\"http:\/\/netzwerk-kultur-dresden.de\/\">Netzwerk Kultur<\/a> passieren.<\/p>\n\n\n\n<p>In Anbetracht der <a href=\"http:\/\/www.dnn-online.de\/dresden\/web\/dresden-nachrichten\/detail\/-\/specific\/Raeumung-von-Freiraum-Elbtal-am-Freitagmorgen-hat-begonnen-Rund-100-Protestler-vor-Ort-96643105\">R\u00e4umung<\/a> des <a href=\"http:\/\/freiraum-elbtal-bleibt.de\/\">Freiraum Elbtals<\/a> und der <a href=\"http:\/\/www.sz-online.de\/nachrichten\/weniger-strassenkuenstler-in-der-stadt-2901048.html\">Verbannung<\/a> der <a href=\"http:\/\/artists-of-dresden.org\/\">Stra\u00dfenkunst<\/a> aus dem Dresdner Stadtbild wollen die Stadtratsfraktionen damit ein Zeichen setzen, dass vielf\u00e4ltige Kultur auch in Dresden m\u00f6glich ist.<\/p>\n\n\n\n<p>Der <a href=\"https:\/\/refugeestruggledresden.wordpress.com\/\">Refugee Struggle<\/a>, die <a href=\"http:\/\/postplatzkonzerte.de\/\">Postplatzkonzerte<\/a>, <a href=\"http:\/\/www.dresdenfueralle.de\/\">Dresden f\u00fcr Alle<\/a> und <a href=\"http:\/\/www.dresden-nazifrei.com\/\">Dresden Nazifrei<\/a> begr\u00fc\u00dfen diesen Antrag und wollen die Aktion nutzen, um auf die Situation von Asylsuchenden und den allt\u00e4glichen Rassismus in dieser Stadt aufmerksam zu machen. Dadurch bef\u00fcrchten jedoch CDU und AfD eine Gefahr f\u00fcr die \u00f6ffentliche Sicherheit und sehen eine Dauerbelastung f\u00fcr die Polizei, da die Wagentage Ziel von Asylgegnern, Pegida-Anh\u00e4ngern und Nazis werden k\u00f6nnten.<\/p>\n\n\n\n<p>Die Stadtverwaltung schweigt bisher zu diesem Vorhaben. Allerdings d\u00fcrften ihr im Angesicht gro\u00dfer Feste wie dem <a href=\"http:\/\/www.striezelmarkt.de\/\">Striezelmarkt<\/a>, dem <a href=\"http:\/\/www.dresdner-stadtfest.com\/\">Dresdner Stadtfest<\/a>, dem <a href=\"http:\/\/www.elbhangfest.de\/\">Elbhangfest<\/a> und der <a href=\"http:\/\/www.neustadt-ticker.de\/brn\">Bunten Republik Neustadt<\/a> die Argumente gegen die Wagentage fehlen.<\/p>\n\n\n\n<p>Der Antrag wird am 16. April im Stadtrat behandelt. Wir werden den Verlauf verfolgen und euch weiter auf dem Laufenden halten.<\/p>\n","protected":false},"excerpt":{"rendered":"<p>Die Wagentage sind ein Event, das alle vier Monate auf einem andern Platz in Deutschland stattfindet. Wagenpl&auml;tze, Hausprojekte und Hofgemeinschaften organisieren in dieser Zeit Ausstellungen, Tanz, Theater, Konzerte und Performances die kosten- und barrierefrei von allen besucht werden k&ouml;nnen. Im Mai letzten Jahres fanden die Wagentage in Leipzig statt und stie&szlig;en auf gute Resonanz. Aus [&hellip;]<\/p>\n","protected":false},"author":1,"featured_media":0,"comment_status":"open","ping_status":"open","sticky":false,"template":"","format":"standard","meta":{"_aioseo_title":"","_aioseo_description":"","footnotes":""},"categories":[37],"tags":[],"class_list":{"0":"post-1141","1":"post","2":"type-post","3":"status-publish","4":"format-standard","6":"category-allgemein"},"_links":{"self":[{"href":"https:\/\/jankosyk.de\/en\/wp-json\/wp\/v2\/posts\/1141","targetHints":{"allow":["GET"]}}],"collection":[{"href":"https:\/\/jankosyk.de\/en\/wp-json\/wp\/v2\/posts"}],"about":[{"href":"https:\/\/jankosyk.de\/en\/wp-json\/wp\/v2\/types\/post"}],"author":[{"embeddable":true,"href":"https:\/\/jankosyk.de\/en\/wp-json\/wp\/v2\/users\/1"}],"replies":[{"embeddable":true,"href":"https:\/\/jankosyk.de\/en\/wp-json\/wp\/v2\/comments?post=1141"}],"version-history":[{"count":3,"href":"https:\/\/jankosyk.de\/en\/wp-json\/wp\/v2\/posts\/1141\/revisions"}],"predecessor-version":[{"id":4650,"href":"https:\/\/jankosyk.de\/en\/wp-json\/wp\/v2\/posts\/1141\/revisions\/4650"}],"wp:attachment":[{"href":"https:\/\/jankosyk.de\/en\/wp-json\/wp\/v2\/media?parent=1141"}],"wp:term":[{"taxonomy":"category","embeddable":true,"href":"https:\/\/jankosyk.de\/en\/wp-json\/wp\/v2\/categories?post=1141"},{"taxonomy":"post_tag","embeddable":true,"href":"https:\/\/jankosyk.de\/en\/wp-json\/wp\/v2\/tags?post=1141"}],"curies":[{"name":"wp","href":"https:\/\/api.w.org\/{rel}","templated":true}]}}