{"id":1142,"date":"2015-08-14T14:11:58","date_gmt":"2015-08-14T13:11:58","guid":{"rendered":"http:\/\/www.kultur-sucht-raum.de\/?p=753"},"modified":"2023-07-02T06:52:54","modified_gmt":"2023-07-02T04:52:54","slug":"pm-bereits-ueber-40-anmeldungen-fuer-das-neustadt-art-festival","status":"publish","type":"post","link":"https:\/\/jankosyk.de\/en\/pm-bereits-ueber-40-anmeldungen-fuer-das-neustadt-art-festival\/","title":{"rendered":"PM: Bereits \u00fcber 40 Anmeldungen f\u00fcr das Neustadt Art Festival"},"content":{"rendered":"<p>Seit dem Start der Ausschreibung Anfang Juni haben sich bisher \u00fcber 40 Orte und Kulturschaffende gemeldet, die ihre Ideen im Rahmen des Festivals verwirklichen wollen. Nun hei\u00dft es, Kulturschaffende und Orte zusammenzubringen um bis Anfang September ein vorl\u00e4ufiges Programm vorstellen zu k\u00f6nnen.<\/p>\n<p>\u201cWir freuen uns \u00fcber die Resonanz und feilen am Konzept, um alle Ausstellungen, Bands, Installationen und Performances unter einen Hut zu bringen.\u201d, sagt Jan Kossick vom Netzwerk Kultur sucht Raum. \u201cDazu haben wir neben den 14t\u00e4gigen Orga-Treffen auch ein gro\u00dfes Vernetzungstreffen am 22. August um 20 Uhr im Stadtteilhaus geplant. Es lohnt sich, regelm\u00e4\u00dfig auf neustadt-art-festival.de vorbeizuschauen um auf dem aktuellen Stand zu bleiben.\u201d<\/p>\n<p>Die Ausschreibung l\u00e4uft bis zum 25. September. F\u00fcr das Programmheft ist jedoch der Redaktionsschluss am 1. September zu beachten.<\/p>\n<p><strong>Weitere Infos:<\/strong><br \/>\n<a href=\"http:\/\/www.neustadt-art-festival.de\/\">www.neustadt-art-festival.de<\/a><br \/>\n<a href=\"mailto:programm@neustadt-art-festival.de\">programm@neustadt-art-festival.de<\/a><br \/>\n<a href=\"http:\/\/www.kultur-sucht-raum.de\/\">www.kultur-sucht-raum.de<\/a><\/p>\n<p><strong>Presseanfragen:<\/strong><br \/>\nKultur sucht Raum<br \/>\nJan Kossick<br \/>\n0173 944 88 95<br \/>\npresse@kultur-sucht-raum.de<br \/>\nhttp:\/\/www.kultur-sucht-raum.de<\/p>\n","protected":false},"excerpt":{"rendered":"<p>Seit dem Start der Ausschreibung Anfang Juni haben sich bisher &uuml;ber 40 Orte und Kulturschaffende gemeldet, die ihre Ideen im Rahmen des Festivals verwirklichen wollen. Nun hei&szlig;t es, Kulturschaffende und Orte zusammenzubringen um bis Anfang September ein vorl&auml;ufiges Programm vorstellen zu k&ouml;nnen. &ldquo;Wir freuen uns &uuml;ber die Resonanz und feilen am Konzept, um alle Ausstellungen, [&hellip;]<\/p>\n","protected":false},"author":1,"featured_media":0,"comment_status":"open","ping_status":"open","sticky":false,"template":"","format":"standard","meta":{"_aioseo_title":"","_aioseo_description":"","footnotes":""},"categories":[37],"tags":[],"class_list":{"0":"post-1142","1":"post","2":"type-post","3":"status-publish","4":"format-standard","6":"category-allgemein"},"_links":{"self":[{"href":"https:\/\/jankosyk.de\/en\/wp-json\/wp\/v2\/posts\/1142","targetHints":{"allow":["GET"]}}],"collection":[{"href":"https:\/\/jankosyk.de\/en\/wp-json\/wp\/v2\/posts"}],"about":[{"href":"https:\/\/jankosyk.de\/en\/wp-json\/wp\/v2\/types\/post"}],"author":[{"embeddable":true,"href":"https:\/\/jankosyk.de\/en\/wp-json\/wp\/v2\/users\/1"}],"replies":[{"embeddable":true,"href":"https:\/\/jankosyk.de\/en\/wp-json\/wp\/v2\/comments?post=1142"}],"version-history":[{"count":1,"href":"https:\/\/jankosyk.de\/en\/wp-json\/wp\/v2\/posts\/1142\/revisions"}],"predecessor-version":[{"id":4440,"href":"https:\/\/jankosyk.de\/en\/wp-json\/wp\/v2\/posts\/1142\/revisions\/4440"}],"wp:attachment":[{"href":"https:\/\/jankosyk.de\/en\/wp-json\/wp\/v2\/media?parent=1142"}],"wp:term":[{"taxonomy":"category","embeddable":true,"href":"https:\/\/jankosyk.de\/en\/wp-json\/wp\/v2\/categories?post=1142"},{"taxonomy":"post_tag","embeddable":true,"href":"https:\/\/jankosyk.de\/en\/wp-json\/wp\/v2\/tags?post=1142"}],"curies":[{"name":"wp","href":"https:\/\/api.w.org\/{rel}","templated":true}]}}