{"id":1148,"date":"2015-12-18T07:00:29","date_gmt":"2015-12-18T06:00:29","guid":{"rendered":"http:\/\/www.neustadtpiraten.de\/?p=5526"},"modified":"2023-07-02T08:35:57","modified_gmt":"2023-07-02T06:35:57","slug":"herz-statt-hetze-demo-am-21-12","status":"publish","type":"post","link":"https:\/\/jankosyk.de\/en\/herz-statt-hetze-demo-am-21-12\/","title":{"rendered":"Herz statt Hetze-Demo am 21.12."},"content":{"rendered":"\n<p>Die Initiative <a href=\"https:\/\/www.facebook.com\/HerzStattHetze\/\">Herz statt Hetze<\/a> ruft <span class=\"fsl\"><span class=\"text_exposed_show\">unter dem Motto <em>\u201eHerz statt Hetze. Theater. Platz. Nehmen.\u201c <\/em><\/span><\/span>zu einer <strong>Gro\u00dfkundgebung<\/strong> auf dem <strong>Theaterplatz<\/strong> am <strong>Montag, den 21. Dezember, um 17 Uhr<\/strong> auf.<\/p>\n\n\n<div class=\"wp-block-image\">\n<figure class=\"aligncenter\"><a href=\"http:\/\/www.neustadtpiraten.de\/wp-content\/uploads\/2015\/12\/12366259_752338498234087_3629428753503540085_n.jpg\" rel=\"attachment wp-att-5527\"><img decoding=\"async\" src=\"http:\/\/www.neustadtpiraten.de\/wp-content\/uploads\/2015\/12\/12366259_752338498234087_3629428753503540085_n.jpg\" alt=\"Theater. Platz. Nehmen.\" class=\"wp-image-5527\"\/><\/a><\/figure>\n<\/div>\n\n\n<p>Damit gelingt es zum ersten Mal, dass der Theaterplatz an einem Montag Abend kein Schauplatz von fremdenfeindlichem und nationalistischem Populismus wird. Stattdessen wird ein breites Kulturprogramm f\u00fcr Weltoffenheit und Miteinander pr\u00e4sentiert unter anderem mit dem <a href=\"https:\/\/www.semperoper.de\/ensemble.html#29652-7\">Chor der Semperoper<\/a>, dem <a href=\"http:\/\/www.staatsschauspiel-dresden.de\/\">S\u00e4chsischen Staatsschauspiel<\/a>, <a href=\"http:\/\/www.kleingeldprinzessin.de\/\">Dota<\/a> und den <a href=\"http:\/\/www.skaprifischer.de\/\">Skaprifischern<\/a>. Damit gelingt <a href=\"https:\/\/www.facebook.com\/HerzStattHetze\/\">Herz statt Hetze<\/a> ein Erfolg und ein herber Schlag gegen Lutz Bachmann und Pegida.<\/p>\n\n\n\n<p>Bachmann hatte angek\u00fcndigt, nun durch die \u00c4u\u00dfere Neustadt laufen zu wollen, ein Gebiet aus dem er schon in den 90ern regelm\u00e4\u00dfig verjagt wurde. Dem hat aber nun die Dresdner Versammlungsbeh\u00f6rde eine Absage erteilt und nur station\u00e4re Kundgebungen erlaubt.<\/p>\n","protected":false},"excerpt":{"rendered":"<p>Die Initiative Herz statt Hetze ruft unter dem Motto &bdquo;Herz statt Hetze. Theater. Platz. Nehmen.&ldquo; zu einer Gro&szlig;kundgebung auf dem Theaterplatz am Montag, den 21. Dezember, um 17 Uhr auf. Damit gelingt es zum ersten Mal, dass der Theaterplatz an einem Montag Abend kein Schauplatz von fremdenfeindlichem und nationalistischem Populismus wird. Stattdessen wird ein breites [&hellip;]<\/p>\n","protected":false},"author":1,"featured_media":0,"comment_status":"open","ping_status":"open","sticky":false,"template":"","format":"standard","meta":{"_aioseo_title":"","_aioseo_description":"","footnotes":""},"categories":[37],"tags":[],"class_list":{"0":"post-1148","1":"post","2":"type-post","3":"status-publish","4":"format-standard","6":"category-allgemein"},"_links":{"self":[{"href":"https:\/\/jankosyk.de\/en\/wp-json\/wp\/v2\/posts\/1148","targetHints":{"allow":["GET"]}}],"collection":[{"href":"https:\/\/jankosyk.de\/en\/wp-json\/wp\/v2\/posts"}],"about":[{"href":"https:\/\/jankosyk.de\/en\/wp-json\/wp\/v2\/types\/post"}],"author":[{"embeddable":true,"href":"https:\/\/jankosyk.de\/en\/wp-json\/wp\/v2\/users\/1"}],"replies":[{"embeddable":true,"href":"https:\/\/jankosyk.de\/en\/wp-json\/wp\/v2\/comments?post=1148"}],"version-history":[{"count":2,"href":"https:\/\/jankosyk.de\/en\/wp-json\/wp\/v2\/posts\/1148\/revisions"}],"predecessor-version":[{"id":4632,"href":"https:\/\/jankosyk.de\/en\/wp-json\/wp\/v2\/posts\/1148\/revisions\/4632"}],"wp:attachment":[{"href":"https:\/\/jankosyk.de\/en\/wp-json\/wp\/v2\/media?parent=1148"}],"wp:term":[{"taxonomy":"category","embeddable":true,"href":"https:\/\/jankosyk.de\/en\/wp-json\/wp\/v2\/categories?post=1148"},{"taxonomy":"post_tag","embeddable":true,"href":"https:\/\/jankosyk.de\/en\/wp-json\/wp\/v2\/tags?post=1148"}],"curies":[{"name":"wp","href":"https:\/\/api.w.org\/{rel}","templated":true}]}}