{"id":1165,"date":"2016-08-02T18:47:30","date_gmt":"2016-08-02T17:47:30","guid":{"rendered":"http:\/\/www.kultur-sucht-raum.de\/?p=835"},"modified":"2023-07-02T06:52:39","modified_gmt":"2023-07-02T04:52:39","slug":"pm-offenes-treffen-zum-neustadt-art-festival","status":"publish","type":"post","link":"https:\/\/jankosyk.de\/en\/pm-offenes-treffen-zum-neustadt-art-festival\/","title":{"rendered":"PM: Offenes Treffen zum Neustadt Art Festival"},"content":{"rendered":"<p>Das Neustadt Art Festival l\u00e4dt zum <strong>Offenen Treffen<\/strong> am Sonntag, den <strong>7. August<\/strong>, um <strong>16 Uhr<\/strong> in die <strong><a href=\"http:\/\/osm.org\/go\/0MLkgAi5T?m=\">Wir AG<\/a><\/strong> (Martin-Luther-Stra\u00dfe 21) ein.<\/p>\n<p>&#8222;Wir wollen vor allem K\u00fcnstlerinnen und K\u00fcnstler mit geeigneten Orten in der Neustadt vernetzen, also Menschen zusammen bringen, um die inhaltliche Gestaltung des Festivals zu unterst\u00fctzen&#8220;, sagt Jan Kossick, Mitorganisator des NAF von <a href=\"http:\/\/www.kultur-sucht-raum.de\/\">Kultur sucht Raum<\/a>. &#8222;Daneben antworten wir nat\u00fcrlich auf offene Fragen, stellen das Konzept noch einmal vor und versuchen die Sorgen und N\u00f6te der Anwesenden zu kl\u00e4ren.&#8220;<\/p>\n<p>Neben dem Offenen Treffen gibt es weiterhin die M\u00f6glichkeit sich f\u00fcr eigene Ideen oder Orte unter <a href=\"mailto:programm@neustadt-art-festival.de\">programm@neustadt-art-festival.de<\/a> oder im Web unter <a href=\"http:\/\/naf.li\/ausschreibung\">naf.li\/ausschreibung<\/a> anzumelden. Am 28. August gibt es ein weiteres Offenes Treffen.<\/p>\n<p><strong>Presseanfragen:<\/strong><br \/>\nJan Kossick<br \/>\n0173 944 88 95<br \/>\njan@kultur-sucht-raum.de<\/p>\n","protected":false},"excerpt":{"rendered":"<p>Das Neustadt Art Festival l&auml;dt zum Offenen Treffen am Sonntag, den 7. August, um 16 Uhr in die Wir AG (Martin-Luther-Stra&szlig;e 21) ein. &bdquo;Wir wollen vor allem K&uuml;nstlerinnen und K&uuml;nstler mit geeigneten Orten in der Neustadt vernetzen, also Menschen zusammen bringen, um die inhaltliche Gestaltung des Festivals zu unterst&uuml;tzen&ldquo;, sagt Jan Kossick, Mitorganisator des NAF [&hellip;]<\/p>\n","protected":false},"author":1,"featured_media":0,"comment_status":"open","ping_status":"open","sticky":false,"template":"","format":"standard","meta":{"_aioseo_title":"","_aioseo_description":"","footnotes":""},"categories":[37],"tags":[],"class_list":{"0":"post-1165","1":"post","2":"type-post","3":"status-publish","4":"format-standard","6":"category-allgemein"},"_links":{"self":[{"href":"https:\/\/jankosyk.de\/en\/wp-json\/wp\/v2\/posts\/1165","targetHints":{"allow":["GET"]}}],"collection":[{"href":"https:\/\/jankosyk.de\/en\/wp-json\/wp\/v2\/posts"}],"about":[{"href":"https:\/\/jankosyk.de\/en\/wp-json\/wp\/v2\/types\/post"}],"author":[{"embeddable":true,"href":"https:\/\/jankosyk.de\/en\/wp-json\/wp\/v2\/users\/1"}],"replies":[{"embeddable":true,"href":"https:\/\/jankosyk.de\/en\/wp-json\/wp\/v2\/comments?post=1165"}],"version-history":[{"count":1,"href":"https:\/\/jankosyk.de\/en\/wp-json\/wp\/v2\/posts\/1165\/revisions"}],"predecessor-version":[{"id":4415,"href":"https:\/\/jankosyk.de\/en\/wp-json\/wp\/v2\/posts\/1165\/revisions\/4415"}],"wp:attachment":[{"href":"https:\/\/jankosyk.de\/en\/wp-json\/wp\/v2\/media?parent=1165"}],"wp:term":[{"taxonomy":"category","embeddable":true,"href":"https:\/\/jankosyk.de\/en\/wp-json\/wp\/v2\/categories?post=1165"},{"taxonomy":"post_tag","embeddable":true,"href":"https:\/\/jankosyk.de\/en\/wp-json\/wp\/v2\/tags?post=1165"}],"curies":[{"name":"wp","href":"https:\/\/api.w.org\/{rel}","templated":true}]}}