{"id":1172,"date":"2016-10-05T00:28:10","date_gmt":"2016-10-04T23:28:10","guid":{"rendered":"http:\/\/www.neustadtpiraten.de\/?p=5724"},"modified":"2023-07-02T08:35:36","modified_gmt":"2023-07-02T06:35:36","slug":"kongress-gegen-rassismus-2gather","status":"publish","type":"post","link":"https:\/\/jankosyk.de\/en\/kongress-gegen-rassismus-2gather\/","title":{"rendered":"Kongress gegen Rassismus: 2gather"},"content":{"rendered":"<p>Gerade im Spiegel der letzten Tage \u2013 Tage in denen sich Dresden von einer h\u00e4sslichen Seite pr\u00e4sentiert \u2013 m\u00f6chten wir auf den <a href=\"https:\/\/strassengezwitscher.de\/2gather\/\"><strong>Kongress 2gather<\/strong><\/a> aufmerksam machen. Dieser findet am <strong>8. und 9. Oktober<\/strong> in <strong>Dresden-Hellerau<\/strong> statt. In Workshops und Offenen Runden werden neue Ideen des Engagements gegen Rassismus und Fremdenfeindlichkeit gesucht und mit Menschen aus Zivilgesellschaft, Kunst, Journalismus und Politik diskutiert. Organisiert wird der Kongress vom Verein <a href=\"https:\/\/strassengezwitscher.de\/\">Stra\u00dfengezwitscher<\/a>, der in den vergangenen zwei Jahren entschieden rechte und rechtspopulistische Demonstrationen verfolgt und dokumentiert hat.<\/p>\n<p>Wer das Wochenende noch nicht verplant hat, sollte diese Veranstaltung in Erw\u00e4gung ziehen. Es gibt <a href=\"https:\/\/strassengezwitscher.de\/2gather\/tickets\/\">Tickets<\/a> f\u00fcr die einzelnen Tage als auch f\u00fcr das ganze Wochenende. Wer bereits anderes vor hat, erz\u00e4hle bitte Freunden und Bekannten davon. <strong>Dresden hat eine aktive, weltoffene Zivilgesellschaft dringend n\u00f6tig.<\/strong><\/p>\n<p>&nbsp;<\/p>\n","protected":false},"excerpt":{"rendered":"<p>Gerade im Spiegel der letzten Tage &ndash; Tage in denen sich Dresden von einer h&auml;sslichen Seite pr&auml;sentiert &ndash; m&ouml;chten wir auf den Kongress 2gather aufmerksam machen. Dieser findet am 8. und 9. Oktober in Dresden-Hellerau statt. In Workshops und Offenen Runden werden neue Ideen des Engagements gegen Rassismus und Fremdenfeindlichkeit gesucht und mit Menschen aus [&hellip;]<\/p>\n","protected":false},"author":1,"featured_media":0,"comment_status":"open","ping_status":"open","sticky":false,"template":"","format":"standard","meta":{"_aioseo_title":"","_aioseo_description":"","footnotes":""},"categories":[37],"tags":[],"class_list":{"0":"post-1172","1":"post","2":"type-post","3":"status-publish","4":"format-standard","6":"category-allgemein"},"_links":{"self":[{"href":"https:\/\/jankosyk.de\/en\/wp-json\/wp\/v2\/posts\/1172","targetHints":{"allow":["GET"]}}],"collection":[{"href":"https:\/\/jankosyk.de\/en\/wp-json\/wp\/v2\/posts"}],"about":[{"href":"https:\/\/jankosyk.de\/en\/wp-json\/wp\/v2\/types\/post"}],"author":[{"embeddable":true,"href":"https:\/\/jankosyk.de\/en\/wp-json\/wp\/v2\/users\/1"}],"replies":[{"embeddable":true,"href":"https:\/\/jankosyk.de\/en\/wp-json\/wp\/v2\/comments?post=1172"}],"version-history":[{"count":2,"href":"https:\/\/jankosyk.de\/en\/wp-json\/wp\/v2\/posts\/1172\/revisions"}],"predecessor-version":[{"id":4622,"href":"https:\/\/jankosyk.de\/en\/wp-json\/wp\/v2\/posts\/1172\/revisions\/4622"}],"wp:attachment":[{"href":"https:\/\/jankosyk.de\/en\/wp-json\/wp\/v2\/media?parent=1172"}],"wp:term":[{"taxonomy":"category","embeddable":true,"href":"https:\/\/jankosyk.de\/en\/wp-json\/wp\/v2\/categories?post=1172"},{"taxonomy":"post_tag","embeddable":true,"href":"https:\/\/jankosyk.de\/en\/wp-json\/wp\/v2\/tags?post=1172"}],"curies":[{"name":"wp","href":"https:\/\/api.w.org\/{rel}","templated":true}]}}