{"id":1174,"date":"2016-10-14T16:40:23","date_gmt":"2016-10-14T15:40:23","guid":{"rendered":"http:\/\/www.neustadtpiraten.de\/?p=5738"},"modified":"2023-07-02T08:35:05","modified_gmt":"2023-07-02T06:35:05","slug":"herz-statt-hetze-demos-am-montag","status":"publish","type":"post","link":"https:\/\/jankosyk.de\/en\/herz-statt-hetze-demos-am-montag\/","title":{"rendered":"Herz statt Hetze \u2013 Demos am Montag"},"content":{"rendered":"<p>Pegida zerlegt sich \u2013 wie von einigen erwartet \u2013 mit der Zeit selbst. Nichtsdestotrotz gibt es sie immer noch, nunmehr seit fast zwei Jahren. <a href=\"http:\/\/herzstatthetze.jimdo.com\/\">Herz statt Hetze<\/a> ist es jedoch gelungen, ihnen den zweij\u00e4hrigen Geburtstag zu vermiesen: Die Innenstadt wird am Montag von zwei Demoz\u00fcgen weltoffener Menschen dominiert werden. Beide Demos starten um 16 Uhr, einmal ab Bahnhof Neustadt und einmal von der TU Dresden. Um 17:30 Uhr gibt es eine Zwischenkundgebung auf dem Pirnaischen Platz, um 18:30 Uhr auf dem Postplatz. Ziel ist der Theaterplatz.<\/p>\n<p><a href=\"http:\/\/www.neustadtpiraten.de\/wp-content\/uploads\/2016\/10\/image.png\"><img loading=\"lazy\" decoding=\"async\" class=\"aligncenter size-large wp-image-5739\" src=\"http:\/\/www.neustadtpiraten.de\/wp-content\/uploads\/2016\/10\/image-727x1024.png\" alt=\"Herz statt Hetze\" srcset=\"http:\/\/www.neustadtpiraten.de\/wp-content\/uploads\/2016\/10\/image-727x1024.png 727w, http:\/\/www.neustadtpiraten.de\/wp-content\/uploads\/2016\/10\/image-213x300.png 213w, http:\/\/www.neustadtpiraten.de\/wp-content\/uploads\/2016\/10\/image-768x1082.png 768w, http:\/\/www.neustadtpiraten.de\/wp-content\/uploads\/2016\/10\/image-174x245.png 174w, http:\/\/www.neustadtpiraten.de\/wp-content\/uploads\/2016\/10\/image.png 1070w\" sizes=\"auto, (max-width: 727px) 100vw, 727px\" width=\"727\" height=\"1024\"><\/a><\/p>\n<p>F\u00fcr Sonntag hat die Versammlungsbeh\u00f6rde eine Kundgebung f\u00fcr Pegida genehmigt, blockiert bisher aber alle Versuche, Gegenproteste in Sicht- und H\u00f6rweite zuzulassen und beauflagt diese an andere Stellen. Informiert euch dazu in den Sozialen Netzwerken, zum Beispiel bei <a href=\"https:\/\/www.facebook.com\/permalink.php?story_fbid=1799159880360063&#038;id=1735075700101815&#038;substory_index=0\">DD Versammlungsbeh\u00f6rde #watch<\/a>.<\/p>\n<p>Am Montag wird am Nachmittag in der Frauenkirche der S\u00e4chsische B\u00fcrgerpreis verliehen. OB Hilbert nutzt diese Veranstaltung und das Fernbleiben von Pegida und <a href=\"https:\/\/www.dresden.de\/de\/rathaus\/aktuelles\/pressemitteilungen\/2016\/10\/pm_036.php\">l\u00e4dt zu einem B\u00fcrgerfest<\/a>. Daf\u00fcr hagelt es Kritik, da Hilbert hier einerseits eine Konkurrenzveranstaltung zur Herz statt Hetze-Demo aufmacht und andererseits den Pegidageburtstag mit einem \u201eFest\u201c begeht. <a href=\"https:\/\/www.sz-online.de\/nachrichten\/kritik-an-hilberts-buergerfest-3514386.html\">\u201eZynisch\u201c<\/a> nennen das die Organisatoren von <a href=\"https:\/\/www.facebook.com\/events\/959302097532386\/\">Dresden bleibt bunt<\/a>.<\/p>\n","protected":false},"excerpt":{"rendered":"<p>Pegida zerlegt sich &ndash; wie von einigen erwartet &ndash; mit der Zeit selbst. Nichtsdestotrotz gibt es sie immer noch, nunmehr seit fast zwei Jahren. Herz statt Hetze ist es jedoch gelungen, ihnen den zweij&auml;hrigen Geburtstag zu vermiesen: Die Innenstadt wird am Montag von zwei Demoz&uuml;gen weltoffener Menschen dominiert werden. Beide Demos starten um 16 Uhr, [&hellip;]<\/p>\n","protected":false},"author":1,"featured_media":0,"comment_status":"open","ping_status":"open","sticky":false,"template":"","format":"standard","meta":{"_aioseo_title":"","_aioseo_description":"","footnotes":""},"categories":[37],"tags":[],"class_list":{"0":"post-1174","1":"post","2":"type-post","3":"status-publish","4":"format-standard","6":"category-allgemein"},"_links":{"self":[{"href":"https:\/\/jankosyk.de\/en\/wp-json\/wp\/v2\/posts\/1174","targetHints":{"allow":["GET"]}}],"collection":[{"href":"https:\/\/jankosyk.de\/en\/wp-json\/wp\/v2\/posts"}],"about":[{"href":"https:\/\/jankosyk.de\/en\/wp-json\/wp\/v2\/types\/post"}],"author":[{"embeddable":true,"href":"https:\/\/jankosyk.de\/en\/wp-json\/wp\/v2\/users\/1"}],"replies":[{"embeddable":true,"href":"https:\/\/jankosyk.de\/en\/wp-json\/wp\/v2\/comments?post=1174"}],"version-history":[{"count":2,"href":"https:\/\/jankosyk.de\/en\/wp-json\/wp\/v2\/posts\/1174\/revisions"}],"predecessor-version":[{"id":4620,"href":"https:\/\/jankosyk.de\/en\/wp-json\/wp\/v2\/posts\/1174\/revisions\/4620"}],"wp:attachment":[{"href":"https:\/\/jankosyk.de\/en\/wp-json\/wp\/v2\/media?parent=1174"}],"wp:term":[{"taxonomy":"category","embeddable":true,"href":"https:\/\/jankosyk.de\/en\/wp-json\/wp\/v2\/categories?post=1174"},{"taxonomy":"post_tag","embeddable":true,"href":"https:\/\/jankosyk.de\/en\/wp-json\/wp\/v2\/tags?post=1174"}],"curies":[{"name":"wp","href":"https:\/\/api.w.org\/{rel}","templated":true}]}}