{"id":1193,"date":"2018-09-12T18:39:27","date_gmt":"2018-09-12T16:39:27","guid":{"rendered":"https:\/\/www.kultur-sucht-raum.de\/?p=983"},"modified":"2023-07-02T06:52:17","modified_gmt":"2023-07-02T04:52:17","slug":"pm-crowdfunding-zum-naf-gestartet-veranstaltungen-an-bisher-24-orten","status":"publish","type":"post","link":"https:\/\/jankosyk.de\/en\/pm-crowdfunding-zum-naf-gestartet-veranstaltungen-an-bisher-24-orten\/","title":{"rendered":"PM: Crowdfunding zum NAF gestartet \/ Veranstaltungen an bisher 24 Orten"},"content":{"rendered":"<p>Zum diesj\u00e4hrigen Neustadt Art Festival vom 28. bis 30. September haben sich bisher 24 Orte gefunden, die an drei Tagen Ausstellungen, Konzerte und Workshops anbieten. Um einen Teil des Festivals zu finanzieren ist heute das Crowdfunding gestartet.<\/p>\n<p>&#8220;Als Dankesch\u00f6ns gibt es neben Malereien, CDs und Wohnzimmerkonzerten von veschiedenen K\u00fcnstlern und Bands dieses Jahr wieder meinen Neustadtrundgang, auf dem ich selbst Erlebtes und Geh\u00f6rtes erz\u00e4hle&#8221;, sagt Elisabeth Venus, Mitorganisatorin des Festivals. &#8220;Und nat\u00fcrlich darf der Kaffeebecher aus dem Lose-Laden nicht fehlen.&#8221;<\/p>\n<p>Jan Kossick, ebenfalls Teil des Orga-Teams, erkl\u00e4rt: &#8220;Wir sind zwar durch die Landeshauptstadt, die Stiftung \u00c4u\u00dfere Neustadt und die Kulturstiftung des Freistaates gef\u00f6rdert, um Materialkosten und \u00e4hnliches zu erstatten ben\u00f6tigen wir jedoch das Geld vom Crowdfunding.&#8221;<\/p>\n<p><strong>Crowdfunding:<\/strong> <a href=\"https:\/\/www.startnext.com\/naf18\">https:\/\/www.startnext.com\/naf18<\/a><br \/>\n<strong>Programm:<\/strong> <a href=\"https:\/\/naf.li\/program\/\">https:\/\/naf.li\/program\/<\/a><\/p>\n<p><strong>Pressekontakt:<\/strong><br \/>\nJan Kossick, 0173 944 88 95, jan@kultur-sucht-raum.de<\/p>\n<p><a href='https:\/\/www.kultur-sucht-raum.de\/2018\/09\/pm-crowdfunding-zum-naf-gestartet-veranstaltungen-an-bisher-24-orten\/marius-rehwalt3\/'><img loading=\"lazy\" decoding=\"async\" width=\"150\" height=\"150\" src=\"https:\/\/www.kultur-sucht-raum.de\/wp-content\/uploads\/2018\/09\/Marius-Rehwalt3-150x150.jpeg\" class=\"attachment-thumbnail size-thumbnail\" alt=\"\" \/><\/a><br \/>\n<a href='https:\/\/www.kultur-sucht-raum.de\/2018\/09\/pm-crowdfunding-zum-naf-gestartet-veranstaltungen-an-bisher-24-orten\/lose-laden-kaffeebecher\/'><img loading=\"lazy\" decoding=\"async\" width=\"150\" height=\"150\" src=\"https:\/\/www.kultur-sucht-raum.de\/wp-content\/uploads\/2018\/09\/lose-laden-kaffeebecher-150x150.jpg\" class=\"attachment-thumbnail size-thumbnail\" alt=\"\" srcset=\"https:\/\/www.kultur-sucht-raum.de\/wp-content\/uploads\/2018\/09\/lose-laden-kaffeebecher-150x150.jpg 150w, https:\/\/www.kultur-sucht-raum.de\/wp-content\/uploads\/2018\/09\/lose-laden-kaffeebecher-300x300.jpg 300w, https:\/\/www.kultur-sucht-raum.de\/wp-content\/uploads\/2018\/09\/lose-laden-kaffeebecher-768x768.jpg 768w, https:\/\/www.kultur-sucht-raum.de\/wp-content\/uploads\/2018\/09\/lose-laden-kaffeebecher.jpg 800w\" sizes=\"auto, (max-width: 150px) 100vw, 150px\" \/><\/a><br \/>\n<a href='https:\/\/www.kultur-sucht-raum.de\/2018\/09\/pm-crowdfunding-zum-naf-gestartet-veranstaltungen-an-bisher-24-orten\/bleyl-postkarten_paket\/'><img loading=\"lazy\" decoding=\"async\" width=\"150\" height=\"150\" src=\"https:\/\/www.kultur-sucht-raum.de\/wp-content\/uploads\/2018\/09\/bleyl-Postkarten_Paket-150x150.jpg\" class=\"attachment-thumbnail size-thumbnail\" alt=\"\" \/><\/a><br \/>\n<a href='https:\/\/www.kultur-sucht-raum.de\/2018\/09\/pm-crowdfunding-zum-naf-gestartet-veranstaltungen-an-bisher-24-orten\/andi-valandi\/'><img loading=\"lazy\" decoding=\"async\" width=\"150\" height=\"150\" src=\"https:\/\/www.kultur-sucht-raum.de\/wp-content\/uploads\/2018\/09\/Andi-Valandi-150x150.jpg\" class=\"attachment-thumbnail size-thumbnail\" alt=\"\" srcset=\"https:\/\/www.kultur-sucht-raum.de\/wp-content\/uploads\/2018\/09\/Andi-Valandi-150x150.jpg 150w, https:\/\/www.kultur-sucht-raum.de\/wp-content\/uploads\/2018\/09\/Andi-Valandi-300x300.jpg 300w, https:\/\/www.kultur-sucht-raum.de\/wp-content\/uploads\/2018\/09\/Andi-Valandi-768x768.jpg 768w, https:\/\/www.kultur-sucht-raum.de\/wp-content\/uploads\/2018\/09\/Andi-Valandi-1024x1024.jpg 1024w, https:\/\/www.kultur-sucht-raum.de\/wp-content\/uploads\/2018\/09\/Andi-Valandi.jpg 1400w\" sizes=\"auto, (max-width: 150px) 100vw, 150px\" \/><\/a><\/p>\n","protected":false},"excerpt":{"rendered":"<p>Zum diesj&auml;hrigen Neustadt Art Festival vom 28. bis 30. September haben sich bisher 24 Orte gefunden, die an drei Tagen Ausstellungen, Konzerte und Workshops anbieten. Um einen Teil des Festivals zu finanzieren ist heute das Crowdfunding gestartet. &ldquo;Als Dankesch&ouml;ns gibt es neben Malereien, CDs und Wohnzimmerkonzerten von veschiedenen K&uuml;nstlern und Bands dieses Jahr wieder meinen [&hellip;]<\/p>\n","protected":false},"author":1,"featured_media":0,"comment_status":"open","ping_status":"open","sticky":false,"template":"","format":"standard","meta":{"_aioseo_title":"","_aioseo_description":"","footnotes":""},"categories":[37],"tags":[],"class_list":{"0":"post-1193","1":"post","2":"type-post","3":"status-publish","4":"format-standard","6":"category-allgemein"},"_links":{"self":[{"href":"https:\/\/jankosyk.de\/en\/wp-json\/wp\/v2\/posts\/1193","targetHints":{"allow":["GET"]}}],"collection":[{"href":"https:\/\/jankosyk.de\/en\/wp-json\/wp\/v2\/posts"}],"about":[{"href":"https:\/\/jankosyk.de\/en\/wp-json\/wp\/v2\/types\/post"}],"author":[{"embeddable":true,"href":"https:\/\/jankosyk.de\/en\/wp-json\/wp\/v2\/users\/1"}],"replies":[{"embeddable":true,"href":"https:\/\/jankosyk.de\/en\/wp-json\/wp\/v2\/comments?post=1193"}],"version-history":[{"count":1,"href":"https:\/\/jankosyk.de\/en\/wp-json\/wp\/v2\/posts\/1193\/revisions"}],"predecessor-version":[{"id":4376,"href":"https:\/\/jankosyk.de\/en\/wp-json\/wp\/v2\/posts\/1193\/revisions\/4376"}],"wp:attachment":[{"href":"https:\/\/jankosyk.de\/en\/wp-json\/wp\/v2\/media?parent=1193"}],"wp:term":[{"taxonomy":"category","embeddable":true,"href":"https:\/\/jankosyk.de\/en\/wp-json\/wp\/v2\/categories?post=1193"},{"taxonomy":"post_tag","embeddable":true,"href":"https:\/\/jankosyk.de\/en\/wp-json\/wp\/v2\/tags?post=1193"}],"curies":[{"name":"wp","href":"https:\/\/api.w.org\/{rel}","templated":true}]}}