{"id":1206,"date":"2019-05-23T16:00:51","date_gmt":"2019-05-23T14:00:51","guid":{"rendered":"https:\/\/www.neustadtpiraten.de\/?p=6822"},"modified":"2023-07-02T08:33:31","modified_gmt":"2023-07-02T06:33:31","slug":"globaler-klimastreik-und-verkehrswende-demo-auf-der-koenigsbruecker","status":"publish","type":"post","link":"https:\/\/jankosyk.de\/en\/globaler-klimastreik-und-verkehrswende-demo-auf-der-koenigsbruecker\/","title":{"rendered":"Globaler Klimastreik und Verkehrswende-Demo auf der K\u00f6nigsbr\u00fccker"},"content":{"rendered":"\n<p><strong>Endlich die Zukunft retten!<\/strong><\/p>\n\n\n\n<p>Die weltweiten Demonstrationen von <a href=\"https:\/\/fridaysforfuture.de\/\">Fridays for Future<\/a> sowie die vielen <a href=\"https:\/\/twitter.com\/verkehrswendedd\">Verkehrswende-Aktionen und -Demonstrationen<\/a> zeigen, dass die Menschen \u2013 insbesondere die j\u00fcngeren \u2013 die Klima- und Verkehrswende ernst nehmen. Nach langer Zeit ist es mal wieder die Jugend, die konkrete Forderungen an die Politik stellt. Die Aufgabe der Poltik muss es nun sein, diese Forderungen umzusetzen. Der gesellschaftlichen Wandel hin zu einer \u00f6kologischen und nachhaltigen Welt ist keine naive Laune. Es ist der w\u00fctende Aufschrei, um \u00fcberhaupt noch eine Zukunft zu haben.<\/p>\n\n\n<div class=\"wp-block-image\">\n<figure class=\"aligncenter\"><img decoding=\"async\" src=\"https:\/\/www.neustadtpiraten.de\/wp-content\/uploads\/2019\/05\/globaler-klimastreik-24-mai.jpg\" alt=\"\" class=\"wp-image-6824\"\/><\/figure>\n<\/div>\n\n\n<p>Deshalb werden am Freitag allein in Deutschland in \u00fcber 200 St\u00e4dten Sch\u00fcler*innen, Studierende und alle Menschen, die f\u00fcr diesen Erdball eine Zukunft wollen, auf die Stra\u00dfe gehen. Ob Kohleausstieg, CO2-Steuer oder effektive Vermeidung von Plastem\u00fcll: Die Politik muss endlich mal aus dem Quark kommen, das beschwichtigende Reden einstellen und handeln!<br>Die Demo <a href=\"https:\/\/www.facebook.com\/events\/657959188008121\/\"><strong>2. Globaler Klimastreik<\/strong><\/a> in Dresden startet am <strong>Freitag<\/strong>, den 24. Mai, ab <strong>11:55 Uhr<\/strong> am <strong>Goldenen Reiter<\/strong>.<\/p>\n\n\n<div class=\"wp-block-image\">\n<figure class=\"alignright\"><a href=\"https:\/\/www.neustadtpiraten.de\/wp-content\/uploads\/2019\/05\/koeni-demo-24-mai.jpg\"><img decoding=\"async\" src=\"https:\/\/www.neustadtpiraten.de\/wp-content\/uploads\/2019\/05\/koeni-demo-24-mai-150x150.jpg\" alt=\"\" class=\"wp-image-6823\"\/><\/a><\/figure>\n<\/div>\n\n\n<p>Es gilt jedoch, auch lokal zu handeln: Die K\u00f6nigsbr\u00fccker Stra\u00dfe soll immernoch f\u00fcr <span class=\"author-a-z68zz79z3cz73zgz85zncdz85zz80zz66zz74zq0\">den schnellfahrenden<\/span><span class=\"author-a-z82zmz83zz89zz78zt5wz65zz78zc1nz81zo0\"> Verkehr drastisch ausgebaut werden. Daf\u00fcr fallen 122 z<\/span><span class=\"author-a-z68zz79z3cz73zgz85zncdz85zz80zz66zz74zq0\">um Teil<\/span><span class=\"author-a-z82zmz83zz89zz78zt5wz65zz78zc1nz81zo0\"> sehr gro\u00dfe und sch\u00f6ne B\u00e4ume<\/span><span class=\"author-a-z68zz79z3cz73zgz85zncdz85zz80zz66zz74zq0\">, der Naturschutz wird vernachl\u00e4ssigt und die Luft in der Neustadt und im Hechtviertel wird schlechter. <\/span>Unsere Ziele f\u00fcr die K\u00f6nigsbr\u00fccker sind Entschleunigung und das Vermeiden von Autoverkehr. Die B\u00fcrgerinitiative <a href=\"http:\/\/koenigsbruecker-muss-leben.de\/\">K\u00f6nigsbr\u00fccker muss leben<\/a> ruft daher am gleichen <strong>Freitag<\/strong> ab <strong>17 Uhr<\/strong> vor der <strong>Schauburg<\/strong> zur <a href=\"https:\/\/www.facebook.com\/events\/615017495644541\/\"><strong>Verkehrswende Demo \u2013 K\u00f6nigsbr\u00fccker jetzt im Bestand sanieren<\/strong><\/a> auf.<\/p>\n\n\n\n<p>Unsere Ziele und Forderungen zur Umsetzung der Verkehrswende und Rettung des Klimas auf kommunaler Ebene findet ihr in unserem <a href=\"https:\/\/www.neustadtpiraten.de\/wahlprogramm\/\">Wahlprogramm<\/a>. Am <strong>26. Mai<\/strong> sind <a href=\"https:\/\/piratensommer.de\/\">Kommunalwahlen<\/a>. <strong>Geht w\u00e4hlen!<\/strong><\/p>\n\n\n\n<p>Unsere <a href=\"https:\/\/www.neustadtpiraten.de\/wahlprogramm\/\">Inhalte<\/a> \u00fcberzeugen von sich aus. Dennoch kostet Wahlkampf Geld. Deshalb freuen wir uns, wenn du uns <a href=\"https:\/\/www.neustadtpiraten.de\/selbstverstandnis\/spenden-und-finanzen\/\">unterst\u00fctzt<\/a>. Dabei brauchen wir nicht das gro\u00dfe Geld. Jeder einzelne Cent hilft uns, die Gesellschaft lebenswerter zu gestalten.<\/p>\n","protected":false},"excerpt":{"rendered":"<p>Endlich die Zukunft retten! Die weltweiten Demonstrationen von Fridays for Future sowie die vielen Verkehrswende-Aktionen und -Demonstrationen zeigen, dass die Menschen &ndash; insbesondere die j&uuml;ngeren &ndash; die Klima- und Verkehrswende ernst nehmen. Nach langer Zeit ist es mal wieder die Jugend, die konkrete Forderungen an die Politik stellt. Die Aufgabe der Poltik muss es nun [&hellip;]<\/p>\n","protected":false},"author":1,"featured_media":0,"comment_status":"open","ping_status":"open","sticky":false,"template":"","format":"standard","meta":{"_aioseo_title":"","_aioseo_description":"","footnotes":""},"categories":[37],"tags":[],"class_list":{"0":"post-1206","1":"post","2":"type-post","3":"status-publish","4":"format-standard","6":"category-allgemein"},"_links":{"self":[{"href":"https:\/\/jankosyk.de\/en\/wp-json\/wp\/v2\/posts\/1206","targetHints":{"allow":["GET"]}}],"collection":[{"href":"https:\/\/jankosyk.de\/en\/wp-json\/wp\/v2\/posts"}],"about":[{"href":"https:\/\/jankosyk.de\/en\/wp-json\/wp\/v2\/types\/post"}],"author":[{"embeddable":true,"href":"https:\/\/jankosyk.de\/en\/wp-json\/wp\/v2\/users\/1"}],"replies":[{"embeddable":true,"href":"https:\/\/jankosyk.de\/en\/wp-json\/wp\/v2\/comments?post=1206"}],"version-history":[{"count":2,"href":"https:\/\/jankosyk.de\/en\/wp-json\/wp\/v2\/posts\/1206\/revisions"}],"predecessor-version":[{"id":4606,"href":"https:\/\/jankosyk.de\/en\/wp-json\/wp\/v2\/posts\/1206\/revisions\/4606"}],"wp:attachment":[{"href":"https:\/\/jankosyk.de\/en\/wp-json\/wp\/v2\/media?parent=1206"}],"wp:term":[{"taxonomy":"category","embeddable":true,"href":"https:\/\/jankosyk.de\/en\/wp-json\/wp\/v2\/categories?post=1206"},{"taxonomy":"post_tag","embeddable":true,"href":"https:\/\/jankosyk.de\/en\/wp-json\/wp\/v2\/tags?post=1206"}],"curies":[{"name":"wp","href":"https:\/\/api.w.org\/{rel}","templated":true}]}}