{"id":1227,"date":"2020-10-08T11:44:04","date_gmt":"2020-10-08T09:44:04","guid":{"rendered":"https:\/\/www.neustadtpiraten.de\/?p=7961"},"modified":"2023-07-02T06:51:55","modified_gmt":"2023-07-02T04:51:55","slug":"sbr-bericht-soziale-ecke-haushalt-und-anderes","status":"publish","type":"post","link":"https:\/\/jankosyk.de\/en\/sbr-bericht-soziale-ecke-haushalt-und-anderes\/","title":{"rendered":"SBR-Bericht: Soziale Ecke, Haushalt und Anderes"},"content":{"rendered":"<h3>Bericht \u00fcber das Soziale Eck<\/h3>\n<p>Ganze zwei Stunden nahm der erste Tagesordnungspunkt ein: Ein Bericht von Stadtbezirksamt, der Polizei \u2013 vertreten durch Polizeirat Sven Fischer \u2013 und dem Gemeindlichen Vollzugsdienst (GVD) \u2013 vertreten durch Frau Gerschner \u2013 \u00fcber die Vergangenheit, Gegenwart und Zukunft der \u00bbSchiefen Ecke\u00ab. Nach der Vorstellung der <a href=\"https:\/\/www.neustadtpiraten.de\/wp-content\/uploads\/2020\/10\/Bericht-SBR_Oktober-2020.pdf\">Statistiken<\/a> kam das Publikum zu Wort, danach die Bezirksr\u00e4t\u00b7innen. In aller K\u00fcrze:<\/p>\n<ul>\n<li>bis Ende 2019 gab es kaum Beschwerden von Anwohnenden<\/li>\n<li>Probleme seit Ende 2019:\n<ul>\n<li>2020 war die Ecke bis zu 90 Stunden wegen \u00bbPersonen im Gleis\u00ab f\u00fcr die 13 gesperrt<\/li>\n<li>Ruhest\u00f6rungen durch massiven L\u00e4rm<\/li>\n<li>Verm\u00fcllung<\/li>\n<li>Pinkeln und Erbrochenes in den Hauseing\u00e4ngen<\/li>\n<li>auf den Stra\u00dfen liegende Menschen in den Morgenstunden [sic!]<\/li>\n<li>Zunahme der aggressiven Stimmung (Caf\u00e9 Continental schlie\u00dft bereits 18 Uhr zum Schutz des Personals)<\/li>\n<li>Verlagerung des L\u00e4rms an andere Ecken (Kamenzer\/Louisenstra\u00dfe)<\/li>\n<\/ul>\n<\/li>\n<\/ul>\n<p>Polizeirat Fischer f\u00fchrte dazu aus:<\/p>\n<ul>\n<li>im Schnitt unter 500, jedoch teilweise bis zu 1.000 Menschen auf der Kreuzung<\/li>\n<li>Polizei hat Angst vor Verh\u00e4ltnissen wie Stuttgart oder Berlin<\/li>\n<li>er merkt an, dass Corona ein Katalysator war<\/li>\n<li>seit dem 10. Juli jeden Freitag und Samstag Streifendienst (bis zu 36 Einsatzkr\u00e4fte von 20 bis 4 Uhr)<\/li>\n<li>Polizie setzt auf Deeskalation und Kommunikation<\/li>\n<li>angesprochene Personen sind meist verst\u00e4ndnisvoll, aber sobald der Platz frei wird, nahmen andere Gruppen den Platz ein<\/li>\n<li>es wurden Platzverweise angedroht und Bassboxen beschlagnahmt<\/li>\n<li>Fazit:\n<ul>\n<li>der Stra\u00dfenbahnverkehr kann wieder fahren<\/li>\n<li>M\u00fcll &#038; L\u00e4rm ist noch nicht gel\u00f6st<\/li>\n<li>eine teilweise Verdr\u00e4ngung ist erfolgt (Martin-Luther-Platz und Alaunstra\u00dfe\/Albertplatz)<\/li>\n<li>die letzten Wochenenden weniger los (um die 200 Personen)<\/li>\n<li>es gibt zwei Bachelorabreiten der Polizeihochschule, die das Thema bearbeiten<\/li>\n<li>Polizei war in Hamburg um sich die Ma\u00dfnahmen Reeperbahn\/Schanzenviertel anzuschauen<\/li>\n<\/ul>\n<\/li>\n<\/ul>\n<p>Folgendes ist in Planung:<\/p>\n<ul>\n<li>Oktober 2020: Infoveranstaltung f\u00fcr Anwohner und Gewerbetreibende<\/li>\n<li>Oktober 2020: Termin beim Landespr\u00e4ventionsrat zuim m\u00f6glich Einsatz von Kommunikationsteams<\/li>\n<li>M\u00f6glichkeit des Alkoholkonsumsverbot pr\u00fcfen; bisher gibt es noch zu wenig Daten f\u00fcr die Durchsetzung eines Verbots\n<ul>\n<li>es muss daf\u00fcr erhebliche alkoholbedingte Straftaten geben<\/li>\n<li>das Gebiet muss sich vom Rest der Stadt abheben<\/li>\n<li>dazu fehlen einfach Daten; sollten diese passen, entscheidet die Landesdirektion als Aufsichtsbeh\u00f6rde \u00fcber die Zulassung eines Verbotes<\/li>\n<li>Ziel: Wintersaison nutzen f\u00fcr Weiterentwicklung von Ma\u00dfnahmen bis zum Saisonstart 2021<\/li>\n<\/ul>\n<\/li>\n<\/ul>\n<p>Es wurde mehrfach aus dem Publikum und von Herrn Thiele (CDU) die R\u00e4umung der Kreuzung gefordert. Das versucht Polizei und der GVD zu vermeiden, da Eskalation vorprogrammiert ist.<\/p>\n<h3>Haushalt<\/h3>\n<p>Der Doppelhaushalt 21\/22 ist gerade in der Beschlussfassung und wurde uns nun ebenfall vorgelegt. Die Kanten und Ecken desselbigen wurden folgenderma\u00dfen benannt:<\/p>\n<ul>\n<li>coronabedingt 12% K\u00fcrzungen \u00fcberall<\/li>\n<li>Streetworking Erwachsene: 75.000 \u20ac eingestellt, ca. 550.000 \u20ac ben\u00f6tigt<\/li>\n<li>Jugendhilfe muss aufgestockt werden, da Bedarf notwendig<\/li>\n<\/ul>\n<p>Es gibt einen \u00c4nderungsantrag der Linken, die SBR-Mittel nicht um 12% zu k\u00fcrzen, sondern bei 10 \u20ac\/Einwohnenden zu belassen. Ich bat darum, diesen Antrag zur\u00fcckzuziehen, da den Bezirken eigentlich eine Erh\u00f6hung zusteht. Die Ortschaften erhalten bspw. 18 bis 25 \u20ac\/Einwohnenden und zus\u00e4tzlich eine investive Finanzspritze, die nochmal in \u00e4hnlicher H\u00f6he ausf\u00e4llt. Insofern lie\u00dfe sich auch auf eine Erh\u00f6hnung auf 25 \u20ac\/Einwohnenden abz\u00fcglichder 12% (=22 \u20ac) diskutieren. Die Linke folgte meinem Wunsch und wir werden bis zur n\u00e4chsten Sitzung eine gemeinsame Liste an \u00c4nderungsantr\u00e4gen zum Haushalt erarbeiten.<\/p>\n<h3>Anderes<\/h3>\n<ul>\n<li>Es wurden Sport- und Spielmodule f\u00fcr den Alaupark mit SBR-F\u00f6rdermitteln bewilligt.<\/li>\n<li>Der gerede e.V. f\u00fchrt eine einmonatige Veranstaltung namens Lila-X-Bas im ehemaligen Oosteinde durch und bekommt daf\u00fcr ebenfalls F\u00f6rdermittel des SBR.<\/li>\n<li>Weiterhin wird der Neust\u00e4dter Event coronabedingt mit Mitteln des SBR unterst\u00fctzt.<\/li>\n<li>Generell gibt es eine ideelle Unterst\u00fctzung durch den SBR f\u00fcr die <a href=\"https:\/\/www.wochedesgutenlebens.de\/\">Woche des Guten Lebens<\/a>, zumindest durch die linke Mehrheit. CDU und AfD stimmten gegen eine Unterst\u00fctzung.<\/li>\n<li>Uns wurde nahegelegt, die Vorlage <a href=\"https:\/\/ratsinfo.dresden.de\/vo0050.asp?__kvonr=20351\">V0535\/20 &#8211; Strategie zur Erh\u00f6hung des \u00d6PNV-Anteils der LHDD<\/a> zu studieren.<\/li>\n<li>Es wird ein\u00b7e K\u00fcmmer\u00b7in f\u00fcr den El Tauscho am Martin-Luther-Platz gesucht, sonst droht Gefahr, dass er wieder abgebaut wird.<\/li>\n<\/ul>\n<p>&nbsp;<\/p>\n<p>Bis zum n\u00e4chsten Bericht,<\/p>\n<table class=\"no-border\">\n<tbody>\n<tr>\n<td><img loading=\"lazy\" decoding=\"async\" class=\"size-thumbnail wp-image-7844 alignnone\" src=\"https:\/\/www.neustadtpiraten.de\/wp-content\/uploads\/2020\/06\/Anne-150x150.jpg\" alt=\"\" width=\"150\" height=\"150\"><br \/>\nAnne Herpertz<\/td>\n<td><img loading=\"lazy\" decoding=\"async\" class=\"size-thumbnail wp-image-7833 alignnone\" src=\"https:\/\/www.neustadtpiraten.de\/wp-content\/uploads\/2020\/05\/Jan-Kossick-Milieus-sch%C3%BCtzen-150x150.jpg\" alt=\"\" width=\"150\" height=\"150\"><br \/>\nJan Kossick<\/td>\n<\/tr>\n<tr>\n<td>Neustadtpiratenb\u00fcroleiterin<\/td>\n<td>Bezirksrat f\u00fcr die Neustadt<\/td>\n<\/tr>\n<\/tbody>\n<\/table>\n","protected":false},"excerpt":{"rendered":"<p>Bericht &uuml;ber das Soziale Eck Ganze zwei Stunden nahm der erste Tagesordnungspunkt ein: Ein Bericht von Stadtbezirksamt, der Polizei &ndash; vertreten durch Polizeirat Sven Fischer &ndash; und dem Gemeindlichen Vollzugsdienst (GVD) &ndash; vertreten durch Frau Gerschner &ndash; &uuml;ber die Vergangenheit, Gegenwart und Zukunft der &raquo;Schiefen Ecke&laquo;. Nach der Vorstellung der Statistiken kam das Publikum zu [&hellip;]<\/p>\n","protected":false},"author":1,"featured_media":0,"comment_status":"open","ping_status":"open","sticky":false,"template":"","format":"standard","meta":{"_aioseo_title":"","_aioseo_description":"","footnotes":""},"categories":[37],"tags":[],"class_list":{"0":"post-1227","1":"post","2":"type-post","3":"status-publish","4":"format-standard","6":"category-allgemein"},"_links":{"self":[{"href":"https:\/\/jankosyk.de\/en\/wp-json\/wp\/v2\/posts\/1227","targetHints":{"allow":["GET"]}}],"collection":[{"href":"https:\/\/jankosyk.de\/en\/wp-json\/wp\/v2\/posts"}],"about":[{"href":"https:\/\/jankosyk.de\/en\/wp-json\/wp\/v2\/types\/post"}],"author":[{"embeddable":true,"href":"https:\/\/jankosyk.de\/en\/wp-json\/wp\/v2\/users\/1"}],"replies":[{"embeddable":true,"href":"https:\/\/jankosyk.de\/en\/wp-json\/wp\/v2\/comments?post=1227"}],"version-history":[{"count":1,"href":"https:\/\/jankosyk.de\/en\/wp-json\/wp\/v2\/posts\/1227\/revisions"}],"predecessor-version":[{"id":4329,"href":"https:\/\/jankosyk.de\/en\/wp-json\/wp\/v2\/posts\/1227\/revisions\/4329"}],"wp:attachment":[{"href":"https:\/\/jankosyk.de\/en\/wp-json\/wp\/v2\/media?parent=1227"}],"wp:term":[{"taxonomy":"category","embeddable":true,"href":"https:\/\/jankosyk.de\/en\/wp-json\/wp\/v2\/categories?post=1227"},{"taxonomy":"post_tag","embeddable":true,"href":"https:\/\/jankosyk.de\/en\/wp-json\/wp\/v2\/tags?post=1227"}],"curies":[{"name":"wp","href":"https:\/\/api.w.org\/{rel}","templated":true}]}}