{"id":1239,"date":"2021-06-15T18:52:27","date_gmt":"2021-06-15T16:52:27","guid":{"rendered":"https:\/\/www.neustadtpiraten.de\/?p=8256"},"modified":"2023-07-02T06:51:46","modified_gmt":"2023-07-02T04:51:46","slug":"sbr-bericht-parken-louisenstrasse-fussgaengerueberwege-und-die-scheune","status":"publish","type":"post","link":"https:\/\/jankosyk.de\/en\/sbr-bericht-parken-louisenstrasse-fussgaengerueberwege-und-die-scheune\/","title":{"rendered":"SBR-Bericht: Parken, Louisenstra\u00dfe, Fu\u00dfg\u00e4nger\u00fcberwege und die Scheune"},"content":{"rendered":"<p>Zum endlich sommerlichen Wetter fand am Montag der Stadtbezirksbeirat zur gewohnten Zeit statt. Piraten-Bezirksrat Jan und B\u00fcroleiterin Anne waren beide diesmal da \u2013 und im Gegensatz zu sonst (w\u00e4hrend Corona) war es auch im Zuschauerbereich recht voll. Allerdings war es die dritte Sitzung dieses Jahr, die bis weit nach 22 Uhr ging. Man hat das Gef\u00fchl, die Beir\u00e4t\u00b7innen vermissen den Kontakt und den Austausch mit anderen und ziehen Diskussionen sehr gern in die L\u00e4nge.<\/p>\n<h2>Parken Parken Parken<\/h2>\n<p>Zu Beginn wurde eine m\u00f6gliche Erweiterung von Bewohnerparkbereichen in der \u00c4u\u00dferen Neustadt vorgestellt. Ich glaube inzwischen, ums Thema Parken kommen wir in keiner denkbaren Gremiensitzung mehr herum. Passend zur Causa betritt Holger Zastrow (FDP) den SBR \u2013 ganze zehn Minuten zu sp\u00e4t. Wohl wegen dem Amarok.<\/p>\n<p>Die Neustadt wurde auf einer <a href=\"https:\/\/www.neustadtpiraten.de\/parkgebuehrenerhoehung-zusammengestrichen\/\">der letzten Stadtrats-SItzungen zur Parkzone 1<\/a> erkl\u00e4rt. Das bringt es mit sich, dass durch Verdr\u00e4ngungseffekte die bisher nicht parkbewirtschafteten Bereiche im Scheunenhofviertel und Dammwegsbereich \u00fcberlaufen w\u00fcrden. Deshalb sollen diese jetzt bewirtschaftet werden und das Anwohnendenparken entsprechend ausgeweitet. Zum Beschluss kommt es heute noch nicht, die Verwaltung holt lediglich ein Meinungsbild ein, ob das denn gew\u00fcnscht sei.<\/p>\n<p>Klemens Schneider (Gr\u00fcne) kritisiert die niedrigen Parkpreise und das hohe Nicht-Anwohnendenparken in der (\u00c4u\u00dferen) Neustadt. Felix G\u00f6hler (SPD) weist darauf hin, dass jetzt die Sondernutzung f\u00fcr die Au\u00dfengastro beschlossen wurde (ein piratiger Antrag unserer neuen <a href=\"https:\/\/dissidenten-fraktion.de\/\">Dissidenten-Fraktion<\/a>) \u2013 und dass dies ein weiteres Dilemma sein k\u00f6nnte. Gunther Thiele (CDU) reagiert wie erwartet: Anwohnendenparken m\u00fcsse so billig bleiben wie jetzt. Ich halte dagegen: Ein Auto zu haben ist ein Privileg, kein Recht. Es kostet nicht nur Geld, wenn es f\u00e4hrt, sondern auch wenn es herumsteht. Komischerweise hat Holger Zastrow im SBR nicht ann\u00e4hernd die Energie wie im Stadtrat, wenn es ums Parken geht. Karin Wilke (AfD) schloss die Diskussion mit Blick auf ihre Wohnortumgebung, der Radeberger Vorstadt: Parken \u2013 not in my backyard! Bevor die ganzen Neust\u00e4der\u00b7innen ihr Auto bei ihr abstellen, sollen sie es doch lieber abschaffen. Schon ironisch.<\/p>\n<h2>Aufwertung der Louisenstra\u00dfe<\/h2>\n<p>Die Gr\u00fcnen f\u00fchren einen erneuten Antrag aus, der sich mit der Louisenstra\u00dfe befasst, da dort \u2013 trotz mehrfacher Beschl\u00fcsse im SBR und Stadtrat (<a href=\"https:\/\/www.neustadtpiraten.de\/wp-content\/uploads\/A0487_18_Ersetzungsantrag_SR_A0487_18_Frau_Graul_Herr_Aschenbach_Herr_Dr_Schulte_Wissermann.pdf\">A0487\/18<\/a>) \u2013 keine positiven Ver\u00e4nderungen zu sehen sind. So fordern sie erneut, dass im Fahrbahnraum vor der Gastronomie Parklets errichtet werden, damit die Au\u00dfenbestuhlung nicht mehr die Gehwege f\u00fcr Rollst\u00fchle und Kinderw\u00e4gen blockiert. Zus\u00e4tzlich sollen im Fahrbahnraum 50 neue Fahrradb\u00fcgel installiert werden.<\/p>\n<p>Neu ist, dass der Stadtbezirksamtsleiter bis zur Umsetzung f\u00fcnf tempor\u00e4re Parklets anschaffen soll. Der SBR stellt daf\u00fcr 25.000&nbsp;\u20ac aus seinem laufenden Jahresbudget zur Verf\u00fcgung.<\/p>\n<p>Holger Knaak (Linke) gibt zu Bedenken, dass jedwede Aufwertung der Louisenstra\u00dfe dazu f\u00fchrt, dass noch mehr Menschen noch l\u00e4nger dort sitzen und L\u00e4rm bis zu sp\u00e4ter Stunde machen. Klemens Schneider (Gr\u00fcne) entgegnet, dass eine h\u00e4ssliche Louisenstra\u00dfe nicht daf\u00fcr sorgen wird, dass es leiser wird. Ziel ist es, durch eine Aufwertung die Publikumsstruktur positiv zu beeinflussen. Thiele (CDU) h\u00e4lt nat\u00fcrlich gar nichts von diesem Antrag. Dieser l\u00f6st die bestehenden Probleme an der Sozialen Ecke nicht, sondern versch\u00e4rft diese. Dabei vergisst er allerdings, dass es nicht um die Soziale Ecke geht, sondern um eine Aufwertung der Lebensqualit\u00e4t der Anwohnenden, in dem der \u00f6ffentliche Raum nicht nur den Autos \u00fcberlassen wird. Klemens Schneider antwortet noch einmal direkt auf Herrn Thiele, dass seine CDU-Fraktion im Stadtrat dem Antrag A0487\/18 zugestimmt hat, der Parklets und Fahrradb\u00fcgel fordert und es ihn wundert, dass er nun im Beirat diese Vorschl\u00e4ge ablehnt. Anne Gieland (Linke) gibt Herrn Thiele noch einmal Kontra, da der Scheunevorplatz unattraktiv ist und sich dennoch dort Menschen sammeln. Es kann also nicht die L\u00f6sung sein, die \u00c4u\u00dfere Neustadt h\u00e4sslich zu lassen.<\/p>\n<p>Es wird deutlich, dass die \u00c4ngste, dass sich noch mehr Sauftourismus etabliert, gro\u00df sind. Das ist jedoch nicht das Thema und Stadtbezirksamtsleiter Barth signalisiert, dass es dazu auf der n\u00e4chsten Sitzung einen gesonderten Tagesordnungspunkt geben wird.<\/p>\n<p>Abstimmung: 12 Ja, 3 Nein (CDU, FDP, AFD) und 1 Enthaltung<\/p>\n<h2>Zebrastreifen<\/h2>\n<p>Die SPD beantragt die Einrichtung von Zebrastreifen zu pr\u00fcfen. Durch eine Gesetzes\u00e4nderung im Verkehrsrecht ist dies nun einfacher m\u00f6glich. Folgende Querungen sollen gepr\u00fcft werden:<\/p>\n<ul>\n<li>Rudolf-Leonhard-Stra\u00dfe: Ecke Tannenstra\u00dfe, an einer der vorhandenen Bordsteinabsenkungen<\/li>\n<li>Bischofsweg: Ecke Prie\u00dfnitzstra\u00dfe,<\/li>\n<li>Bischofsweg: Ecke Kamenzer Stra\u00dfe, im Verlauf der vorhandenen Mittelinsel<\/li>\n<li>Louisenstra\u00dfe: Ecke Kamenzer Stra\u00dfe, \u00f6stlich der Einm\u00fcndung<\/li>\n<li>Holzhofgasse: Ecke L\u00f6wenstra\u00dfe, an der vorhandenen Gehwegvorstreckung<\/li>\n<li>Hechtstra\u00dfe: H\u00f6he Eingang 30. Grundschule<\/li>\n<li>Radeberger Stra\u00dfe: Ecke J\u00e4gerstra\u00dfe<\/li>\n<li>Glacisstra\u00dfe: H\u00f6he Heinrich-Sch\u00fctz-Konservatorium, im Verlauf der vorhandenen Mittelinsel<\/li>\n<li>Wigardstra\u00dfe: H\u00f6he SMWK, im Verlauf der vorhandenen Mittelinsel<\/li>\n<li>Hauptstra\u00dfe: Ecke An der Dreik\u00f6nigskirche\/Metzer Stra\u00dfe<\/li>\n<li>Schlesischer Platz: Ausgang Seniorenheim Richtung Bahnhofsvorplatz<\/li>\n<li>Dr. Friedrich-Wolf-Stra\u00dfe: Ecke L\u00f6\u00dfnitzstra\u00dfe oder s\u00fcdlich davon<\/li>\n<li>Charlottenstra\u00dfe: Ecke Am Waldschl\u00f6\u00dfchen, im Verlauf der vorhandenen Mittelinsel<\/li>\n<li>Charlottenstra\u00dfe: H\u00f6he Angelikastra\u00dfe, im Verlauf der vorhandenen Mittelinsel<\/li>\n<li>Erfurter Stra\u00dfe: H\u00f6he Gymnasium Pieschen<\/li>\n<li>L\u00f6\u00dfnitzstra\u00dfe: Ecke Friedensstra\u00dfe<\/li>\n<li>Rudolf-Leonhard-Stra\u00dfe: Ecke Buchenstra\u00dfe oder s\u00fcdlich davon<\/li>\n<li>Hechtstra\u00dfe: Ecke B\u00e4rwalder Stra\u00dfe, s\u00fcdlich der Bushaltestelle<\/li>\n<li>Radeberger Stra\u00dfe: Ecke Bautzner Stra\u00dfe, im Verlauf der vorhandenen Mittelinsel<\/li>\n<li>Weintraubenstra\u00dfe: Ecke Melanchthonstra\u00dfe<\/li>\n<li>Theresienstra\u00dfe: Ecke Nieritzstra\u00dfe<\/li>\n<li>Tannenstra\u00dfe: H\u00f6he Springbrunnen, \u00dcbergang zum Fu\u00dfweg durch die Wohnsiedlung<\/li>\n<li>Hans-Oster-Stra\u00dfe: Ecke Tannenstra\u00dfe oder n\u00f6rdlich davon<\/li>\n<li>Hechtstra\u00dfe: H\u00f6he Eingang Hechtpark (Bereich Haltestelle Buchenstra\u00dfe)<\/li>\n<li>Buchenstra\u00dfe: zwischen Schanzenstra\u00dfe und Kiefernstra\u00dfe<\/li>\n<\/ul>\n<p>Die CDU in Form von Herrn Thiele ist dagegen und sieht darin nur eine Besch\u00e4ftigungstherapie f\u00fcr die Verwaltung. Au\u00dferdem seien die benannten Stellen keine Unfallschwerpunkte. Herr Joneleit (Gr\u00fcne) warnt eindringlich, dass der Beirat schon oft Unfallschwerpunkte aufgezeigt hat, bevor diese Unfallschwerpunkte wurden. Zum Beispiel die Ecke Rothenburger\/Bautzner Stra\u00dfe, wo erst eine junge Fahrradfahrerin sterben musste, bevor Ma\u00dfnahmen ergriffen wurden. Umso wichtiger ist es, die angezeigten Stellen jetzt zu pr\u00fcfen.<\/p>\n<p>Christine Mantu (Gr\u00fcne) fragt, ob der Fu\u00df e.V. bei der Erstellung der Standorte eingebunden wurde. Da die neue Liste auf einer alten aus dem Ortsbeirat basiert, bei welcher der Fu\u00df e.V. beteiligt war, wurde dieser mit eingebunden.<\/p>\n<p>Antrag mit 13 Ja, 2 Nein (CDU, AFD) und 1 Enthaltung (FDP) angenommen.<\/p>\n<h2><strong>Freianlagenumbau der Scheune<\/strong><\/h2>\n<p>Der Umbau des Scheunevorplatzes wird geplant \u2013 uns wurden die Pl\u00e4ne vorgestellt. Die B\u00e4ume sollen (mal wieder!) weg und neu gepflanzt werden, dann kommen zwei kleine Bauten hin und wahrscheinlich Gr\u00fcnpflanzungen, die ausgleichen sollen. Wir sind gespannt, wie die letztendliche Ausgestaltung dann aussieht, es wurden n\u00e4mlich viele W\u00fcnsche und Verbesserungsvorschl\u00e4ge eingebracht. Leider ist die Vorlage nicht online verf\u00fcgbar. Wir reichen diese nach, wenn wir Material erhalten.<\/p>\n<h2>L\u00e4rmemissionen an der Scheune<\/h2>\n<p>Nach Umweltgesetz sind die L\u00e4rmemissionen bei der Au\u00dfengastro an der Scheune zu laut, deshalb muss da ab 22 Uhr die Au\u00dfengastro geschlossen werden. Selbes betrifft den Louisengarten.<\/p>\n<p>Es gibt eine Idee, basierend auf einem Gerichtsbeschluss, die Nachtzeit um eine Stunde zu verschieben, also von 23 Uhr bis 7 Uhr. Herr Barth beraumt daf\u00fcr ein Brainstorming-Treffen zwischen Verwaltung und Beirat ein.<\/p>\n<h2>Lage an der Sozialen Ecke<\/h2>\n<p>An den letzten Wochenenden f\u00fcllt sich die Ecke wieder wie zu BRN-Zeiten. Das f\u00fchrt dazu, dass die Polizei nur eskalativ eingreifen k\u00f6nnte, was sie nicht m\u00f6chte. Dadurch wird es immer voller und es besteht \u2013 wie zur BRN \u2013 die Gefahr, dass Fluchtsituationen zu Personensch\u00e4den f\u00fchren k\u00f6nnten. Die Verwaltung denkt \u00fcber Zugangskontrollen nach. Au\u00dferdem pl\u00e4diert Herr Barth f\u00fcr ein Glasflaschenverbot, was gleichzeitig den Alkoholkonsum auf der Stra\u00dfe eind\u00e4mmen soll.<\/p>\n<p>Ulla Wacker (Gr\u00fcne) und Felix G\u00f6hler (SPD) erz\u00e4hlen davon, dass es inzwischen ein Sport geworden ist, mit seinem getunten Auto in die Neustadt zu kommen und durch die Menschenmenge zu fahren. Ulla erz\u00e4hlt mit einem Schmunzeln, dass in Hamburg Wasserwerfer gegen solche Autos eingesetzt wurden.<\/p>\n<h2>Bebauung des ehemaligen Freiraum Elbtals<\/h2>\n<p>Eine Neverending Story, die nun damit weitergeht, dass das Gel\u00e4nde in einem Architektenwettbewerb beplant wurde. Herausgekommen ist eine sehr organisch runde Planung, die einen zentralen, \u00f6ffentlich zug\u00e4nglichen Innenhof hat. Urspr\u00fcnglich waren 4 Geschosse geplant, nun gibt es eine \u00c4nderung des Bebauungsplanes auf 5 Geschosse um die H\u00f6he an die Villa Grumbt am Puschkinplatz anzupassen.<\/p>\n<p>Insgesamt wurde bei diesen Planungen sehr gut darauf geachtet, keine Gated Community zu generieren. Das Augenmerk liegt auf sehr viel Gr\u00fcn, hinter welchem sich die H\u00e4user &#8220;verstecken&#8221;. Hinzu kommt, dass mit dem neuen Geschoss ca. 21 Sozialwohnungen mit angeboten werden m\u00fcssen (Stichwort: Kooperatives Baulandmodell). Das gesamte Gel\u00e4nde ist \u00f6ffentlich zug\u00e4nglich, die Durchwegung bis zur Elbe und dem Elberadweg ist gegeben. Hinzu kommt, dass nur 18% des Grundst\u00fccks bebaut werden, 76% sind \u00f6ffentliche Gr\u00fcnfl\u00e4che (inkl. \u00f6ffentlichem Spielplatz) und 6% \u00f6ffentlich gewidmete Stra\u00dfen und Wege. Au\u00dferdem gibt es Stellpl\u00e4tze f\u00fcr Lastenr\u00e4der, TeilAuto und Lades\u00e4ulen f\u00fcr E-Autos.<\/p>\n<p>Nichtsdestotrotz wurde hier mit Zusehen der Stadt ein kreatives und selbst verwaltetes Projekt aufgrund von egoistischen Investoreninteressen vernichtet. Den Freiraum Elbtal bringt auch dieses Projekt nicht zur\u00fcck. Insofern habe ich mich bei der Abstimmung enthalten. Alle anderen stimmten mit Ja, Antrag angenommen.<\/p>\n<h2>\u00c4nderung der SBR-F\u00f6rderrichtlinie<\/h2>\n<p>Der Jugendhilfeausschuss ist sauer, weil bei einem Projekt eines anderen Stadtbezirksbeirats in die Jugendarbeit eingegrifffen wurde. Deshalb will er jetzt ein Mitspracherecht bei Projekten, die ins SGB VIII (Jugendhilfe) fallen und Personalkosten beinhalten oder \u00fcber 10.000&nbsp;\u20ac liegen.<\/p>\n<p>Stadtbezirksamtsleiter Barth h\u00e4lt eine brennende Rede gegen diesen Antrag. Einerseits ist der Jugendhilfeausschuss \u00fcber das Jugendamt eingebunden, das bei allen F\u00f6rderantr\u00e4gen mit Beteiligung von Jugendlichen um Stellungsnahme gebeten wird. Desweiteren ist die SBR-F\u00f6rderung zus\u00e4tzliches Geld, es wird also nicht in die Haushaltsplanung der Jugenhilfe eingegriffen. Und am Ende w\u00fcrde sich ein Projekt verz\u00f6gern, da erst auf eine Stellungsnahme des Jugendhilfeausschusses gewartet werden muss.<\/p>\n<p>Ulla Wacker (Gr\u00fcne) und Marcel Ritschel (Linke) sprechen sich f\u00fcr die \u00c4nderung aus. Wir haben bisher keine Projekte gehabt, auf die dieser neue Passus zutreffen w\u00fcrde, insofern ist es unerheblich ob er da ist oder nicht.<\/p>\n<p>Ich argumentiere \u2013 wie auch Felix G\u00f6hler (SPD) und Holger Knaak (Linke) \u2013, dass dies offensichtlich ein verwaltungsinternes Kommunikationsproblem ist, dass nun operativ \u00fcber die Legislative gel\u00f6st werden soll. Das ist absurd: Genauso k\u00f6nnte man argumentieren, dass der Bauauschuss bei allen Gehwegmodernisierungen oder der Kulturausschuss bei jeder Kulturf\u00f6rderung gefragt werden muss.<\/p>\n<p>Ulla Wacker (Gr\u00fcne) argumentiert noch einmal, dass die Jugendhilfe ein sehr sensibler Bereich ist und sie deshalb immer noch f\u00fcr eine Zustimmung zur Vorlage ist. Klemens Schneider (Gr\u00fcne) bittet den Ausschuss, die Vorlage zur\u00fcckzuziehen und, falls noch einmal solche F\u00e4lle auftreten, erneut auf uns zuzukommen. Anne Gieland (Linke) redet noch einmal f\u00fcr diesen Antrag, da die Jugend besonders sch\u00fctzenswert ist. Deshalb ist es keine Beschneidung der Rechte des SBR, da vor allem das Jugendamt wei\u00df, welche Vereine vertrauensw\u00fcrdig sind und welche nicht. Herr Barth antwortet, dass nach dieser Argumentation \u2013 also wenn Vereine immer misstrauisch betrachtet werden \u2013 auch keine 10&nbsp;\u20ac-F\u00f6rderung zur Jugendhilfe beschlossen werden d\u00fcrfte, da sch\u00e4dliche Vereine immer sch\u00e4dlich f\u00fcr Kinder sind. Au\u00dferdem betont er nochmal, dass das Jugendamt immer bei Jugendhilfe-bezogenen F\u00f6rderantr\u00e4gen befragt wird.<\/p>\n<p>Christian Demuth (SPD) schlie\u00dft sich Herrn Schneiders Wunsch an, dass der Ausschuss den Antrag zur\u00fcckzieht, da bisher nur ein Fall aufgetreten ist und nun alle \u00c4mter und SBRe sensibiliert sind. Er w\u00fcnscht sich eine Vertagung des Punktes um dem Ausschuss die M\u00f6glichkeit zu geben, sich \u00fcber einen Antragsr\u00fcckzug abzustimmen. Herr Barth schl\u00e4gt dann vor, anstatt zu vertagen einen Ersetzungsantrag daraus zu machen. Dies wird auch getan und der Ersetzungsantrag fordert den Jugendhilfeausschuss auf, den Antrag zur\u00fcckzuziehen und bei neuen F\u00e4llen strittiger F\u00f6rderungen den Antrag erneut vorzulegen.<\/p>\n<p>Die Ersetzung wird angenommen und der so ge\u00e4nderte Antrag mit 9 Ja, 4 Nein und 2 Enthaltungen angenommen.<\/p>\n<h2>Und sonst?<\/h2>\n<ul>\n<li><strong>Vorstellung<\/strong> <strong>Seniorenberatungszentrum<\/strong>\n<ul>\n<li>Im Seniorenberatungszentrum B\u00dcLOWH k\u00f6nnen verschiedene Angebote genutzt werden: Grundlegende Beratung und Unterst\u00fctzung bei der Beantragung von Sozialleistungen, zum Wohnen im Alter und zur Wohnraumanpassung. Au\u00dferdem k\u00f6nnen direkte Unterst\u00fctzungsangebote vermittelt werden. <\/li>\n<li>Die Arbeitszeit des Zentrums erh\u00f6ht sich, so k\u00f6nnen mehr Senior\u00b7innen beraten werden. In der Corona-Pandemie hat sich das Zentrum vor allem um die Vermittlung von Impfterminen an \u00e4ltere Menschen ohne Internetzugang gek\u00fcmmert.<\/li>\n<\/ul>\n<\/li>\n<li><strong>Aufstellung von zwei Hundetoiletten an der B\u00e4rnsdorfer Stra\u00dfe<\/strong>\n<ul>\n<li>F\u00fcr 2.250\u00a0\u20ac sollen zwei Hundetoiletten an der B\u00e4rnsdorfer Stra\u00dfe geschaffen werden.<\/li>\n<li>einstimmig beschlossen<\/li>\n<\/ul>\n<\/li>\n<li><strong>Stadtteilkarten f\u00fcr Kinder und Jugendliche<\/strong>\n<ul>\n<li>3.092 \u20ac f\u00fcr Stadtteilkarten mit Informationen zu den Vereinen der Stadtteilrunde Neustadt (<a href=\"https:\/\/panama.treberhilfe-dresden.de\/\">ASP Panama<\/a>, <a href=\"https:\/\/www.facebook.com\/mja.neustadt\">MJA Neustadt<\/a>, <a href=\"https:\/\/www.malwina-dresden.de\/de\/louise-haus-fuer-kinder-jugendliche-und-familien.html\">OKJT Louise<\/a>, OKT J\u00e4gerpark, OKT K\u00e4nguru). Diese Karten k\u00f6nnen die Kinder untereinander weitergeben.<\/li>\n<li>einstimmig angenommen<\/li>\n<\/ul>\n<\/li>\n<li><strong>Coronagerechtes Sommerfestival 2021<\/strong>\n<ul>\n<li>12.200 \u20ac f\u00fcr Sommerkonzerte im Garten der Blauen Fabrik zur Unterst\u00fctzung der lokalen Musikszene. Das Augenmerk liegt mehr auf polpul\u00e4re Live-Musik (&#8220;Gute-Laune-Musik&#8221;), weniger auf Streams.<\/li>\n<li>13 Ja, 2 Enthaltungen (AFD, CDU) \u2013 angenommen<\/li>\n<\/ul>\n<\/li>\n<li><strong>BLICKWINKEL &#8211; Erlebnispfad \u00c4u\u00dfere Neustadt<\/strong>\n<ul>\n<li>Plan ist den <a href=\"https:\/\/www.stiftung-dresden-neustadt.de\/erlebnispfad.html\">bestehenden Erlebnispfad<\/a> zu sanieren und zu erweitern. Der Erlebnispfad besteht derzeit aus 9 Stationen. In einem ersten Teil soll nun der Zustand ermittelt und ein Konzept entwickelt werden. 6.500 \u20ac werden beantragt.<\/li>\n<li>einstimmig angenommen<\/li>\n<\/ul>\n<\/li>\n<li><strong>Beschluss \u00fcber verkaufsoffene Sonntage 2021 und 2022<\/strong>\n<ul>\n<li>11.07.2021 Neust\u00e4dter Sommer (findet vermutlich nicht statt)<\/li>\n<li>19.06.2022 BRN<\/li>\n<li>02.10.2022 Neust\u00e4dter Herbst<\/li>\n<li>mit 15 Ja, keinem Nein und 1 Enthaltung angenommen<\/li>\n<\/ul>\n<\/li>\n<\/ul>\n<div class=\"wp-block-group\">\n<div class=\"wp-block-group__inner-container\">\n<div style=\"height:27px\" aria-hidden=\"true\" class=\"wp-block-spacer\"><\/div>\n<p>Bis zum n\u00e4chsten Bericht,<\/p>\n<\/div>\n<\/div>\n<div class=\"wp-block-columns\">\n<div class=\"wp-block-column\">\n<figure class=\"wp-block-image size-large is-resized\"><img loading=\"lazy\" decoding=\"async\" src=\"https:\/\/www.neustadtpiraten.de\/wp-content\/uploads\/Anne-edited.jpg\" alt=\"\" class=\"wp-image-8180\" width=\"174\" height=\"174\" srcset=\"https:\/\/www.neustadtpiraten.de\/wp-content\/uploads\/Anne-edited.jpg 168w, https:\/\/www.neustadtpiraten.de\/wp-content\/uploads\/Anne-edited-150x150.jpg 150w\" sizes=\"auto, (max-width: 174px) 100vw, 174px\" \/><\/figure>\n<p>Anne Herpertz<br \/><em>Neustadtpiratenb\u00fcroleiterin<\/em><\/p>\n<\/div>\n<div class=\"wp-block-column\">\n<figure class=\"wp-block-image size-large is-resized\"><img loading=\"lazy\" decoding=\"async\" src=\"https:\/\/www.neustadtpiraten.de\/wp-content\/uploads\/Jan-Kossick-Milieus-schuetzen-edited.jpg\" alt=\"\" class=\"wp-image-8181\" width=\"173\" height=\"173\" srcset=\"https:\/\/www.neustadtpiraten.de\/wp-content\/uploads\/Jan-Kossick-Milieus-schuetzen-edited.jpg 707w, https:\/\/www.neustadtpiraten.de\/wp-content\/uploads\/Jan-Kossick-Milieus-schuetzen-edited-300x300.jpg 300w, https:\/\/www.neustadtpiraten.de\/wp-content\/uploads\/Jan-Kossick-Milieus-schuetzen-edited-150x150.jpg 150w\" sizes=\"auto, (max-width: 173px) 100vw, 173px\" \/><\/figure>\n<p>Jan Kossick<br \/><em>Bezirksrat f\u00fcr die Neustadt<\/em><\/p>\n<\/div>\n<\/div>\n<div class=\"wp-block-group\">\n<div class=\"wp-block-group__inner-container\">\n<h4>Keinen Bericht mehr verpassen?<\/h4>\n<div class=\"\n    mailpoet_form_popup_overlay\n      \"><\/div>\n<div\n    id=\"mailpoet_form_2\"\n    class=\"\n      mailpoet_form\n      mailpoet_form_shortcode\n      mailpoet_form_position_\n      mailpoet_form_animation_\n    \"\n      ><\/p>\n<style type=\"text\/css\">\n     .mailpoet_hp_email_label{display:none!important;}#mailpoet_form_2 .mailpoet_form {  }\n#mailpoet_form_2 .mailpoet_paragraph { line-height: 20px; }\n#mailpoet_form_2 .mailpoet_segment_label, #mailpoet_form_2 .mailpoet_text_label, #mailpoet_form_2 .mailpoet_textarea_label, #mailpoet_form_2 .mailpoet_select_label, #mailpoet_form_2 .mailpoet_radio_label, #mailpoet_form_2 .mailpoet_checkbox_label, #mailpoet_form_2 .mailpoet_list_label, #mailpoet_form_2 .mailpoet_date_label { display: block; font-weight: bold; }\n#mailpoet_form_2 .mailpoet_text, #mailpoet_form_2 .mailpoet_textarea, #mailpoet_form_2 .mailpoet_select, #mailpoet_form_2 .mailpoet_date_month, #mailpoet_form_2 .mailpoet_date_day, #mailpoet_form_2 .mailpoet_date_year, #mailpoet_form_2 .mailpoet_date { display: block; }\n#mailpoet_form_2 .mailpoet_text, #mailpoet_form_2 .mailpoet_textarea {  }\n#mailpoet_form_2 .mailpoet_checkbox {  }\n#mailpoet_form_2 .mailpoet_submit input {  }\n#mailpoet_form_2 .mailpoet_divider {  }\n#mailpoet_form_2 .mailpoet_message {  }\n#mailpoet_form_2 .mailpoet_validate_success { font-weight: 600; color: #468847; }\n#mailpoet_form_2 .mailpoet_validate_error { color: #b94a48; }\n#mailpoet_form_2 .mailpoet_form_loading { width: 30px; text-align: center; line-height: normal; }\n#mailpoet_form_2 .mailpoet_form_loading > span { width: 5px; height: 5px; background-color: #5b5b5b; }#mailpoet_form_2{border-radius: 0px;text-align: left;}#mailpoet_form_2 form.mailpoet_form {padding: 20px;}#mailpoet_form_2{width: 100%;}#mailpoet_form_2 .mailpoet_message {margin: 0; padding: 0 20px;}#mailpoet_form_2 .mailpoet_paragraph.last {margin-bottom: 0} @media (max-width: 500px) {#mailpoet_form_2 {background-image: none;}} @media (min-width: 500px) {#mailpoet_form_2 .last .mailpoet_paragraph:last-child {margin-bottom: 0}}  @media (max-width: 500px) {#mailpoet_form_2 .mailpoet_form_column:last-child .mailpoet_paragraph:last-child {margin-bottom: 0}} \n    <\/style>\n<form\n      \n      method=\"post\"\n      action=\"https:\/\/www.neustadtpiraten.de\/wp-admin\/admin-post.php?action=https:\/\/www.neustadtpiraten.de\/sbr-bericht-parken-louisenstrasse-fussgaengerueberwege-und-die-scheune\/mailpoet_subscription_form%22\n      class=\"mailpoet_form mailpoet_form_form mailpoet_form_shortcode\"\n      novalidate\n      data-delay=\"\"\n      data-exit-intent-enabled=\"\"\n      data-font-family=\"\"\n    ><br \/>\n      <input type=\"hidden\" name=\"data[form_id]\" value=\"2\" \/><br \/>\n      <input type=\"hidden\" name=\"token\" value=\"9465125e8a\" \/><br \/>\n      <input type=\"hidden\" name=\"api_version\" value=\"v1\" \/><br \/>\n      <input type=\"hidden\" name=\"endpoint\" value=\"subscribers\" \/><br \/>\n      <input type=\"hidden\" name=\"mailpoet_method\" value=\"subscribe\" \/><\/p>\n<p>      <label class=\"mailpoet_hp_email_label\">Bitte dieses Feld leer lassen<input type=\"email\" name=\"data[email]\"\/><\/label><\/p>\n<div class=\"mailpoet_paragraph \" >Wenn du unsere Infos aus dem Stadtbezirksbeirat Neustadt abonnieren m\u00f6chtest, trage hier deine Mail-Adresse ein.<\/div>\n<div class=\"mailpoet_paragraph \"><label class=\"mailpoet_text_label\" data-automation-id=\"form_email_label\" >E-Mail <span class=\"mailpoet_required\">*<\/span><\/label><input type=\"email\" class=\"mailpoet_text\" name=\"data[form_field_N2NlZjdmNGY1ZDg0X2VtYWls]\" title=\"E-Mail\" value=\"\" style=\"padding:5px;margin: 0 auto 0 0;\" data-automation-id=\"form_email\" data-parsley-required=\"true\" data-parsley-minlength=\"6\" data-parsley-maxlength=\"150\" data-parsley-error-message=\"Bitte gib eine g\u00fcltige E-Mail-Adresse ein.\" data-parsley-required-message=\"Dieses Feld wird ben\u00f6tigt.\"\/><\/div>\n<div class=\"mailpoet_paragraph \" ><small>Wir halten deine Daten privat und teilen sie nicht mit Dritten. F\u00fcr den Versand benutzen wir unseren eigenen Server. <a href=\"https:\/\/www.neustadtpiraten.de\/impressum\/\">Lies unsere Datenschutzerkl\u00e4rung.<\/a><\/small><\/div>\n<div class=\"mailpoet_paragraph \"><input type=\"submit\" class=\"mailpoet_submit\" value=\"Abonnieren!\" data-automation-id=\"subscribe-submit-button\" style=\"padding:5px;margin: 0 auto 0 0;border-color:transparent;\" \/><span class=\"mailpoet_form_loading\"><span class=\"mailpoet_bounce1\"><\/span><span class=\"mailpoet_bounce2\"><\/span><span class=\"mailpoet_bounce3\"><\/span><\/span><\/div>\n<div class=\"mailpoet_message\">\n<p class=\"mailpoet_validate_success\"\n                style=\"display:none;\"\n                >Pr\u00fcfe deinen Posteingang oder Spam-Ordner, um dein Abonnement zu best\u00e4tigen.\n        <\/p>\n<p class=\"mailpoet_validate_error\"\n                style=\"display:none;\"\n                >        <\/p>\n<\/p><\/div>\n<\/p><\/form>\n<\/p><\/div>\n<\/div>\n<\/div>\n","protected":false},"excerpt":{"rendered":"<p>SBR-Bericht: Parken, Louisenstra\u00dfe, Zebrastreifen, Scheune, Soziale Ecke, Freiraum Elbtal und anderes.<\/p>\n","protected":false},"author":1,"featured_media":0,"comment_status":"open","ping_status":"open","sticky":false,"template":"","format":"standard","meta":{"_aioseo_title":"","_aioseo_description":"","footnotes":""},"categories":[37],"tags":[],"class_list":{"0":"post-1239","1":"post","2":"type-post","3":"status-publish","4":"format-standard","6":"category-allgemein"},"_links":{"self":[{"href":"https:\/\/jankosyk.de\/en\/wp-json\/wp\/v2\/posts\/1239","targetHints":{"allow":["GET"]}}],"collection":[{"href":"https:\/\/jankosyk.de\/en\/wp-json\/wp\/v2\/posts"}],"about":[{"href":"https:\/\/jankosyk.de\/en\/wp-json\/wp\/v2\/types\/post"}],"author":[{"embeddable":true,"href":"https:\/\/jankosyk.de\/en\/wp-json\/wp\/v2\/users\/1"}],"replies":[{"embeddable":true,"href":"https:\/\/jankosyk.de\/en\/wp-json\/wp\/v2\/comments?post=1239"}],"version-history":[{"count":1,"href":"https:\/\/jankosyk.de\/en\/wp-json\/wp\/v2\/posts\/1239\/revisions"}],"predecessor-version":[{"id":4312,"href":"https:\/\/jankosyk.de\/en\/wp-json\/wp\/v2\/posts\/1239\/revisions\/4312"}],"wp:attachment":[{"href":"https:\/\/jankosyk.de\/en\/wp-json\/wp\/v2\/media?parent=1239"}],"wp:term":[{"taxonomy":"category","embeddable":true,"href":"https:\/\/jankosyk.de\/en\/wp-json\/wp\/v2\/categories?post=1239"},{"taxonomy":"post_tag","embeddable":true,"href":"https:\/\/jankosyk.de\/en\/wp-json\/wp\/v2\/tags?post=1239"}],"curies":[{"name":"wp","href":"https:\/\/api.w.org\/{rel}","templated":true}]}}