{"id":4289,"date":"2023-02-07T07:42:00","date_gmt":"2023-02-07T06:42:00","guid":{"rendered":"https:\/\/www.neustadtpiraten.de\/?p=8624"},"modified":"2023-07-02T06:51:37","modified_gmt":"2023-07-02T04:51:37","slug":"sbr-bericht-klubkultursommer-alaunpark-beleuchtung-geistergram-instakampagne-und-zukunftsfaehige-innenstaedte","status":"publish","type":"post","link":"https:\/\/jankosyk.de\/en\/sbr-bericht-klubkultursommer-alaunpark-beleuchtung-geistergram-instakampagne-und-zukunftsfaehige-innenstaedte\/","title":{"rendered":"SBR-Bericht: Klubkultursommer, Alaunpark-Beleuchtung, Geistergram-Instakampagne und Zukunftsf\u00e4hige Innenst\u00e4dte"},"content":{"rendered":"<p>Die Bezirksratssitzung am 6. Februar wurde schon vorher stark verk\u00fcrzt: Die Tagesordnungspunkte \u00bbErhaltungssatzung\u00ab, \u00bbHochhausleitbild\u00ab und \u00bbZeitliche Erweiterung der Filmn\u00e4chte\u00ab sind schon vorher vertagt worden, da sie noch nicht im Bauauschuss behandelt wurden. Somit gab es zwei Infopunkte \u2013 einen zur Beleuchtung im Alaunpark und einen zum Projekt \u00bbZukunftsf\u00e4hige Innenst\u00e4dte\u00ab \u2013 und zus\u00e4tzlich die allj\u00e4hrliche Priorisierung von Stra\u00dfenbauma\u00dfnahmen im Bezirk sowie vier F\u00f6rdermittelantr\u00e4ge.<\/p>\n<h2>Beleuchtung im Alaunpark<\/h2>\n<p>Beleuchtet werden soll der Radweg von der Einfahrt Alaunstra\u00dfe bis hoch zum Ausgang Tannenstra\u00dfe. Die Bestandsbeleuchtung ist veraltet und soll nicht mehr genutzt werden, da sie den Umweltauflagen nicht gen\u00fcgt und einen zu hohen Energieverbrauch hat.<\/p>\n<p>Es wird eine einseitige Beleuchtungsanlage, erdverkabelt mit LED-Technik, verwendet (Typ we-ef, Model VFL530). Die 12 Leuchten haben je eine Leistung von 14W mit einer Dimmung von 21 bis 6 Uhr um 50% (auf 7W); die Energiekosten pro Jahr liegen bei ~200 EUR. Die Masten haben eine H\u00f6he von 4,50m und werden mit 25m bis 30m Abstand aufgestellt. Ein Referenzbeispiel der Leuchten ist der B\u00f6nischplatz zu besichtigen. Insgesamt kostet das herstellen der Beleuchtung um die 125.000 EUR.<\/p>\n<p>Die Planung ist jetzt abgeschlossen. Wenn der aktuelle Doppelhaushalt best\u00e4tigt ist, kommt die Kampfmittelsondierung, die Ausschreibung und die Bereitstellung der Materialien. Das alles kann bis zu einem Jahr dauern (Best\u00e4tigung Doppelhaushalt, Materiallieferungen k\u00f6nnen \u00fcber ein halbes Jahr dauern etc.). Der Bau beginnt daher vermutlich erst 2024.<\/p>\n<p>Dr. Demuth (SPD) fragt nach, wie es mit Solarbetrieb aussieht. Das l\u00e4sst sich einrichten, allerdings ist der Betrieb teurer, da die Batterien alle 6 Jahre ausgetauscht werden m\u00fcssen. Solar wird also nur genutzt, wo es keinen Stromanschluss gibt.<\/p>\n<p>Weitere Wegebeleuchtungen sind nicht geplant. Das Umweltamt lehnt relativ viel ab, da Parkanlagen in Dresden f\u00fcr gew\u00f6hnlich nicht beleuchtet sind. Um das zu \u00e4ndern m\u00fcssten die Wege \u00f6ffentlich gewidmet werden, was nicht geplant ist. Desweiteren ist eine Nutzung der Anlagen im Alaunpark nach Einbruch der Dunkelheit weniger gew\u00fcnscht, um die Nachtruhe der Anwohnenden zu ber\u00fccksichtigen.<\/p>\n<p>Herr Rogge (Gr\u00fcne) hakt nochmal wegen der Dimmzeiten nach; er w\u00fcnscht sich eine Verbesserung des Sicherheitsgef\u00fchls im Alaunpark und fragt, inwiefern Polizei und Ordnungsamt in die Planung eingebunden sind. Bezirksamtsleiter Barth antwortet, dass es sich hier um eine organisatorische Ma\u00dfnahme handelt, bei der die Verbesserung der Sicherheit kein Bestandteil ist. Das Stra\u00dfen- und Tiefbauamt ist hier auch nicht zust\u00e4ndig \u2013 diese Thematik bearbeitet das Amt f\u00fcr Stadtgr\u00fcn.<\/p>\n<h2>F\u00f6rderung Klubkultursommer<\/h2>\n<p>Ziel des <a href=\"https:\/\/ratsinfo.dresden.de\/getfile.asp?id=661417&#038;type=do\">Klubkultursommers 2023<\/a> ist, den Herausforderungen am Assi-Eck entgegenzutreten und mit Akteuren aus der Szene selbst eine Entlastung der Neustadt herbeizuf\u00fchren. Dabei spielen die in der Neustadt ans\u00e4ssigen Clubs eine elementare Rolle, um die &#8216;Menschenmassen&#8217; gezielt zu dezentralisieren. Das geplante Programm umfasst 75 Veranstaltungen in den Monaten Mai bis Oktober.<\/p>\n<p>Der Bezirksrat f\u00f6rdert das Projekt einstimmig mit 40.000 EUR (Variante C im <a href=\"https:\/\/ratsinfo.dresden.de\/getfile.asp?id=658082&#038;type=do\">Projektplan<\/a>, Seite 3).<\/p>\n<h2>Geisterkampange auf Instagram<\/h2>\n<p>Wie schon in der <a href=\"https:\/\/www.neustadtpiraten.de\/sbr-bericht-geisterkampagne-katharinenstrasse-alaunpark-parkverbote-und-kulturzentren\/#geisterkampagne\">Januar-Sitzung<\/a> angek\u00fcndigt, folgt nun der F\u00f6rderantrag f\u00fcr die <a href=\"https:\/\/ratsinfo.dresden.de\/getfile.asp?id=661471&#038;type=do\">Ansprache von Partyg\u00e4sten<\/a> \u00fcber den Instagram-Account der Stadt Dresden.<\/p>\n<p>Der Stadtbezirksbeirat f\u00f6rdert die Kampagne einstimmig mit 8.000 EUR.<\/p>\n<h2>Priorisierung der Stra\u00dfenbauma\u00dfnahmen<\/h2>\n<p>Die j\u00e4hrliche Priorisierung der Stra\u00dfenbauma\u00dfnahmen steht an. Die <a href=\"https:\/\/ratsinfo.dresden.de\/getfile.asp?id=657140&#038;type=do\">Liste kann hier abgerufen<\/a> werden. Zur Forststra\u00dfe wird angemerkt, dass die Telekom in den n\u00e4chsten Jahren Glasfaserkabel verlegen will. Damit dann nicht frisch gebaute Gehwege und Stra\u00dfen wieder aufgerissen werden, wartet man nun auf die Pl\u00e4ne der Telekom.<\/p>\n<p>Die Liste wird einstimmig angenommen.<\/p>\n<h2>Zukunftsf\u00e4hige Innenst\u00e4dte<\/h2>\n<p>Das Programm wurde 2021 vom Bund aufgelegt, um resiliente Innenst\u00e4dte zu f\u00f6rdern. Das Gesamtvolumen liegt bei 52 Mio. Euro. Dresdens Projektantrag wurde im Februar 2022 eingereicht und im Oktober 2022 best\u00e4tigt.<\/p>\n<p>Das Programm l\u00e4uft von 2022 bis 2025. Das F\u00f6rdergebiet umfasst den &#8220;26er Ring&#8221; &#8211; das sind der Stadtumbau Ost im Dresdner Westen, das Sanierungsgebiet \u00c4u\u00dfere Neustadt und weitere kleine F\u00f6rderprojekte. Die einzelnen Projekte umfassen Handlungsstratagien, Studien, Kooperationen, \u00d6ffentlichkeitsarbeit, baulich-investive Ma\u00dfnahmen und anderes.<\/p>\n<p>In der Innenstadtkooperation soll das Projekt Kreativ.Raum.B\u00f6rse den Leerstand mit Hilfe der Kultur- und Kreativwirtschaft angegangen werden. Das Projekt l\u00e4uft \u00fcber den gesamten Zeitraum und hat ein Volumen von 1,2 Mio Euro. Der Kooperationspartner ist <em>Wir gestalten Dresden<\/em>. Das Ziel ist die Belebung der Innenstadt durch Senkung der H\u00fcrden. Daf\u00fcr soll es Workshops geben, eine Kreativraumb\u00f6rse online aufgebaut werden und Leerstand angemietet werden f\u00fcr Kulturschaufenster und zwei Reallabore. Reallabore sind geeignet f\u00fcr klassische Verkaufsr\u00e4ume, aber auch f\u00fcr Veranstaltungen. Die Raumnutzung als solche l\u00e4uft \u00fcber Antr\u00e4ge, die durch eine Jury bewertet werden.<br \/>Outdoor gibt es den Plan, Kunstm\u00e4rkte (<em>M\u00e4rkte der Zuk\u00fcnfte<\/em>) zu erproben (z.B. eine <em>Newcomerh\u00fctte<\/em>).<br \/>Der Start der Kreativ.Raum.B\u00f6rse soll im 2. Quartal 2023 sein.<\/p>\n<p>Bei den baulich-investiven Ma\u00dfnahmen ist ein touristisches Fu\u00dfg\u00e4ngerleitsystem (~600.000 Euro) geplant und eine lebendige Seestra\u00dfe (erh\u00f6hte Aufenthaltsqualit\u00e4t, 28.000 Euro).<\/p>\n<p>Eine weiterer Bestandteil ist ein Verf\u00fcgungsfonds (~200.000 Euro), bei welchem Gelder f\u00fcr Projekte beantragt werden k\u00f6nnen.<\/p>\n<h2>Tanz und Bewegung<\/h2>\n<p>Zwei weitere F\u00f6rderprojekte haben nichts miteinander zu tun, befassen sich jedoch beide mit der Bwegung des K\u00f6rpers.<\/p>\n<p>Beim Projekt <a href=\"https:\/\/ratsinfo.dresden.de\/getfile.asp?id=660462&#038;type=do\">Zukunftsbildung &#8211; nachhaltige gesunde Lebensweise<\/a> wird bei Kita-Kindern das &#8220;Bewusstsein der Gesunderhaltung&#8221; gef\u00f6rdert, indem regelm\u00e4\u00dfige, sportliche Bewegungen im Kita-Alltag implementiert werden. Innerhalb des Projekts sollen Menschen mit Migrationshintergrund zu \u00dcbungsleiter\u00b7innen ausgebildet werden, um die Kinder anzuleiten. Diese Verzahnung von Integration und Bewegungsf\u00f6rderung begr\u00fc\u00dfen wir sehr.<br \/>Das Projekt wird mit 7.915 \u20ac einstimmig vom SBR gef\u00f6rdert.<\/p>\n<p>Beim zweiten Projekt <a href=\"https:\/\/ratsinfo.dresden.de\/getfile.asp?id=660456&#038;type=do\">K\u00fcnstlerische Reihe No. 2<\/a> wird in verschiedenen Veranstaltungsformaten vom 28. bis 30. April der Ort <strong>villa\\wigman<\/strong> im Kontext der Zeit von 1945-1989 beleuchtet. Tanz und Theater in der Zeit der DDR wie die Nutzung durch das Staatsopernballett und die Gr\u00fcndung der Kleinen Szene stehen im Mittelpunkt der Auseinandersetzungen. Mit f\u00fcnf k\u00fcnstlerischen Inszenierungen, Portr\u00e4t- und Podiumsgespr\u00e4chen, in denen Zeitzeug\u00b7innen zu Wort kommen, einer installativen Ausstellung und F\u00fchrungen, wird der tanzhistorisch bedeutsame Ort der Dresdner Neustadt in die \u00f6ffentliche Wahrnehmung ger\u00fcckt.<br \/>Die F\u00f6rderung in H\u00f6he von 9.000 \u20ac wird einstimmig vom Bezirksrat beschlossen.<\/p>\n<h2>Jan geht, Anne kommt<\/h2>\n<p>Wenn alle B\u00fcrokratie wie gewollt arbeitet, war dies die letzte Sitzung von Bezirksrat Jan. Dieser legt aus beruflichen Gr\u00fcnden sein Mandat nieder und Anne r\u00fcckt nach. Die n\u00e4chsten Berichte erfolgen dementsprechend aus ihrer Feder. Jan sagt: &#8220;Es hat Spa\u00df gemacht, Informationen aus dem Rat in die breitere \u00d6ffentlichkeit zu tragen. Ich danke allen Unterst\u00fctzenden, die uns als Piraten so etwas erm\u00f6glichen. :)&#8221;<\/p>\n<div class=\"is-layout-flow wp-block-group\">\n<div class=\"wp-block-group__inner-container\">\n<p>Bis zum n\u00e4chsten Bericht,<\/p>\n<\/div>\n<\/div>\n<div class=\"is-layout-flex wp-container-4 wp-block-columns\">\n<div class=\"is-layout-flow wp-block-column\">\n<figure class=\"wp-block-image size-full is-resized\"><img loading=\"lazy\" decoding=\"async\" src=\"https:\/\/www.neustadtpiraten.de\/wp-content\/uploads\/photo1642935741-1.jpeg\" alt=\"\" class=\"wp-image-8357\" width=\"212\" height=\"211\" srcset=\"https:\/\/www.neustadtpiraten.de\/wp-content\/uploads\/photo1642935741-1.jpeg 854w, https:\/\/www.neustadtpiraten.de\/wp-content\/uploads\/photo1642935741-1-300x300.jpeg 300w, https:\/\/www.neustadtpiraten.de\/wp-content\/uploads\/photo1642935741-1-150x150.jpeg 150w, https:\/\/www.neustadtpiraten.de\/wp-content\/uploads\/photo1642935741-1-768x767.jpeg 768w\" sizes=\"auto, (max-width: 212px) 100vw, 212px\" \/><figcaption>Anne Herpertz<br \/><em>Neustadtpiratenb\u00fcroleiterin<\/em><\/figcaption><\/figure>\n<\/div>\n<div class=\"is-layout-flow wp-block-column\">\n<figure class=\"wp-block-image size-full is-resized\"><img decoding=\"async\" loading=\"lazy\" src=\"https:\/\/www.neustadtpiraten.de\/wp-content\/uploads\/Jan-Kossick-Milieus-schuetzen-edited.jpg\" alt=\"\" class=\"wp-image-8181\" width=\"214\" height=\"213\" srcset=\"https:\/\/www.neustadtpiraten.de\/wp-content\/uploads\/Jan-Kossick-Milieus-schuetzen-edited.jpg 707w, https:\/\/www.neustadtpiraten.de\/wp-content\/uploads\/Jan-Kossick-Milieus-schuetzen-edited-300x300.jpg 300w, https:\/\/www.neustadtpiraten.de\/wp-content\/uploads\/Jan-Kossick-Milieus-schuetzen-edited-150x150.jpg 150w\" sizes=\"auto, (max-width: 214px) 100vw, 214px\" \/><figcaption>Jan Kossick<br \/><em>Stadtbezirksbeirat<\/em><\/figcaption><\/figure>\n<\/div>\n<\/div>\n<div class=\"is-layout-flow wp-block-group\">\n<div class=\"wp-block-group__inner-container\">\n<h4>Keinen Bericht mehr verpassen?<\/h4>\n<div class=\"\n    mailpoet_form_popup_overlay\n      \"><\/div>\n<div\n    id=\"mailpoet_form_2\"\n    class=\"\n      mailpoet_form\n      mailpoet_form_shortcode\n      mailpoet_form_position_\n      mailpoet_form_animation_\n    \"\n      ><\/p>\n<style type=\"text\/css\">\n     #mailpoet_form_2 .mailpoet_form {  }\n#mailpoet_form_2 .mailpoet_paragraph { line-height: 20px; }\n#mailpoet_form_2 .mailpoet_segment_label, #mailpoet_form_2 .mailpoet_text_label, #mailpoet_form_2 .mailpoet_textarea_label, #mailpoet_form_2 .mailpoet_select_label, #mailpoet_form_2 .mailpoet_radio_label, #mailpoet_form_2 .mailpoet_checkbox_label, #mailpoet_form_2 .mailpoet_list_label, #mailpoet_form_2 .mailpoet_date_label { display: block; font-weight: bold; }\n#mailpoet_form_2 .mailpoet_text, #mailpoet_form_2 .mailpoet_textarea, #mailpoet_form_2 .mailpoet_select, #mailpoet_form_2 .mailpoet_date_month, #mailpoet_form_2 .mailpoet_date_day, #mailpoet_form_2 .mailpoet_date_year, #mailpoet_form_2 .mailpoet_date { display: block; }\n#mailpoet_form_2 .mailpoet_text, #mailpoet_form_2 .mailpoet_textarea {  }\n#mailpoet_form_2 .mailpoet_checkbox {  }\n#mailpoet_form_2 .mailpoet_submit input {  }\n#mailpoet_form_2 .mailpoet_divider {  }\n#mailpoet_form_2 .mailpoet_message {  }\n#mailpoet_form_2 .mailpoet_validate_success { font-weight: 600; color: #468847; }\n#mailpoet_form_2 .mailpoet_validate_error { color: #b94a48; }\n#mailpoet_form_2 .mailpoet_form_loading { width: 30px; text-align: center; line-height: normal; }\n#mailpoet_form_2 .mailpoet_form_loading > span { width: 5px; height: 5px; background-color: #5b5b5b; }#mailpoet_form_2{border-radius: 0px;text-align: left;}#mailpoet_form_2 form.mailpoet_form {padding: 20px;}#mailpoet_form_2{width: 100%;}#mailpoet_form_2 .mailpoet_message {margin: 0; padding: 0 20px;}#mailpoet_form_2 .mailpoet_paragraph.last {margin-bottom: 0} @media (max-width: 500px) {#mailpoet_form_2 {background-image: none;}} @media (min-width: 500px) {#mailpoet_form_2 .last .mailpoet_paragraph:last-child {margin-bottom: 0}}  @media (max-width: 500px) {#mailpoet_form_2 .mailpoet_form_column:last-child .mailpoet_paragraph:last-child {margin-bottom: 0}} \n    <\/style>\n<form\n      \n      method=\"post\"\n      action=\"https:\/\/www.neustadtpiraten.de\/wp-admin\/admin-post.php?action=https:\/\/www.neustadtpiraten.de\/sbr-bericht-klubkultursommer-alaunpark-beleuchtung-geistergram-instakampagne-und-zukunftsfaehige-innenstaedte\/mailpoet_subscription_form%22\n      class=\"mailpoet_form mailpoet_form_form mailpoet_form_shortcode\"\n      novalidate\n      data-delay=\"\"\n      data-exit-intent-enabled=\"\"\n      data-font-family=\"\"\n      data-cookie-expiration-time=\"\"\n    ><br \/>\n      <input type=\"hidden\" name=\"data[form_id]\" value=\"2\" \/><br \/>\n      <input type=\"hidden\" name=\"token\" value=\"4dd0a98c9e\" \/><br \/>\n      <input type=\"hidden\" name=\"api_version\" value=\"v1\" \/><br \/>\n      <input type=\"hidden\" name=\"endpoint\" value=\"subscribers\" \/><br \/>\n      <input type=\"hidden\" name=\"mailpoet_method\" value=\"subscribe\" \/><\/p>\n<p>      <label class=\"mailpoet_hp_email_label\" style=\"display: none !important;\">Bitte dieses Feld leer lassen<input type=\"email\" name=\"data[email]\"\/><\/label><\/p>\n<div class=\"mailpoet_paragraph \" >Wenn du unsere Infos aus dem Stadtbezirksbeirat Neustadt abonnieren m\u00f6chtest, trage hier deine Mail-Adresse ein.<\/div>\n<div class=\"mailpoet_paragraph \"><label for=\"form_email_2\" class=\"mailpoet_text_label\" data-automation-id=\"form_email_label\" >E-Mail <span class=\"mailpoet_required\">*<\/span><\/label><input type=\"email\" autocomplete=\"email\" class=\"mailpoet_text\" id=\"form_email_2\" name=\"data[form_field_N2NlZjdmNGY1ZDg0X2VtYWls]\" title=\"E-Mail\" value=\"\" style=\"padding:5px;margin: 0 auto 0 0;\" data-automation-id=\"form_email\" data-parsley-required=\"true\" data-parsley-minlength=\"6\" data-parsley-maxlength=\"150\" data-parsley-type-message=\"Dieser Wert sollte eine g\u00fcltige E-Mail-Adresse sein.\" data-parsley-errors-container=\".mailpoet_error_email_\" data-parsley-required-message=\"Dieses Feld wird ben\u00f6tigt.\"\/><\/div>\n<div class=\"mailpoet_paragraph \" ><small>Wir halten deine Daten privat und teilen sie nicht mit Dritten. F\u00fcr den Versand benutzen wir unseren eigenen Server. <a href=\"https:\/\/www.neustadtpiraten.de\/impressum\/\">Lies unsere Datenschutzerkl\u00e4rung.<\/a><\/small><\/div>\n<div class=\"mailpoet_paragraph \"><input type=\"submit\" class=\"mailpoet_submit\" value=\"Abonnieren!\" data-automation-id=\"subscribe-submit-button\" style=\"padding:5px;margin: 0 auto 0 0;border-color:transparent;\" \/><span class=\"mailpoet_form_loading\"><span class=\"mailpoet_bounce1\"><\/span><span class=\"mailpoet_bounce2\"><\/span><span class=\"mailpoet_bounce3\"><\/span><\/span><\/div>\n<div class=\"mailpoet_message\">\n<p class=\"mailpoet_validate_success\"\n                style=\"display:none;\"\n                >Pr\u00fcfe deinen Posteingang oder Spam-Ordner, um dein Abonnement zu best\u00e4tigen.\n        <\/p>\n<p class=\"mailpoet_validate_error\"\n                style=\"display:none;\"\n                >        <\/p>\n<\/p><\/div>\n<\/p><\/form>\n<\/p><\/div>\n<\/div>\n<\/div>\n","protected":false},"excerpt":{"rendered":"<p>Die Bezirksratssitzung am 6. Februar wurde schon vorher stark verk\u00fcrzt: Die Tagesordnungspunkte \u00bbErhaltungssatzung\u00ab, \u00bbHochhausleitbild\u00ab und \u00bbZeitliche Erweiterung der Filmn\u00e4chte\u00ab sind schon vorher vertagt worden, da nicht im Bauauschuss behandelt. Somit gab es zwei Infopunkte \u2013 einen zur Beleuchtung im Alaunpark und einen zum Projekt \u00bbZukunftsf\u00e4hige Innenst\u00e4dte\u00ab \u2013, die allj\u00e4hrliche Priorisierung von Stra\u00dfenbauma\u00dfnahmen im Bezirk und 4 F\u00f6rdermittelantr\u00e4ge.<\/p>\n","protected":false},"author":1,"featured_media":0,"comment_status":"open","ping_status":"open","sticky":false,"template":"","format":"standard","meta":{"_aioseo_title":"","_aioseo_description":"","footnotes":""},"categories":[37],"tags":[],"class_list":{"0":"post-4289","1":"post","2":"type-post","3":"status-publish","4":"format-standard","6":"category-allgemein"},"_links":{"self":[{"href":"https:\/\/jankosyk.de\/en\/wp-json\/wp\/v2\/posts\/4289","targetHints":{"allow":["GET"]}}],"collection":[{"href":"https:\/\/jankosyk.de\/en\/wp-json\/wp\/v2\/posts"}],"about":[{"href":"https:\/\/jankosyk.de\/en\/wp-json\/wp\/v2\/types\/post"}],"author":[{"embeddable":true,"href":"https:\/\/jankosyk.de\/en\/wp-json\/wp\/v2\/users\/1"}],"replies":[{"embeddable":true,"href":"https:\/\/jankosyk.de\/en\/wp-json\/wp\/v2\/comments?post=4289"}],"version-history":[{"count":1,"href":"https:\/\/jankosyk.de\/en\/wp-json\/wp\/v2\/posts\/4289\/revisions"}],"predecessor-version":[{"id":4290,"href":"https:\/\/jankosyk.de\/en\/wp-json\/wp\/v2\/posts\/4289\/revisions\/4290"}],"wp:attachment":[{"href":"https:\/\/jankosyk.de\/en\/wp-json\/wp\/v2\/media?parent=4289"}],"wp:term":[{"taxonomy":"category","embeddable":true,"href":"https:\/\/jankosyk.de\/en\/wp-json\/wp\/v2\/categories?post=4289"},{"taxonomy":"post_tag","embeddable":true,"href":"https:\/\/jankosyk.de\/en\/wp-json\/wp\/v2\/tags?post=4289"}],"curies":[{"name":"wp","href":"https:\/\/api.w.org\/{rel}","templated":true}]}}