{"id":4698,"date":"2010-11-06T09:41:00","date_gmt":"2010-11-06T08:41:00","guid":{"rendered":"https:\/\/jankosyk.de\/?p=4698"},"modified":"2023-07-02T09:43:32","modified_gmt":"2023-07-02T07:43:32","slug":"protestdemokratie-und-eine-utopie-dazu","status":"publish","type":"post","link":"https:\/\/jankosyk.de\/en\/protestdemokratie-und-eine-utopie-dazu\/","title":{"rendered":"Protestdemokratie und eine Utopie dazu"},"content":{"rendered":"\n<p>12.000 waren auf der Stra\u00dfe \u2013 so die Zahlen der Organisatoren. In der Presse ist die Rede von der Protestdemokratie Deutschlands. Ist die Demo vorbei, geht\u2019s mit einem guten Gef\u00fchl nach Hause. Und dann? Ist Protest nur, sich in einer homogenen Masse auf die Stra\u00dfe zu begeben? Sicher nicht.<br>Wenn der Castor rollt, wird sich angekettet \u2013 oder es wird geschottert. Proteste gegen Stuttgart 21 nutzen auch mal Betonbl\u00f6cke.<br>Und was wird gemacht, wenn es gegen Regierungsentscheidungen zur Finanzierung der Zukunft geht? Es wird geredet, nach \u201eNeuwahlen\u201c geschrieen, es werden in der gro\u00dfen Masse Parolen skandiert und auf dem politischen Weg das Gespr\u00e4ch gesucht. Ist es m\u00f6glich auch in kleineren Gruppen die politischen Wege in Frage zu stellen? Auch, wenn es keine Anmeldung f\u00fcr ein Gespr\u00e4ch im Landtag gibt? Auch, wenn die d\u00e4mlich grinsenden Fratzen auf ihrer Treppe stehen und die Menschen im Schutz der bestellten Hundertschaften auslachen?<\/p>\n\n\n\n<p>Ja, das muss gehen.<\/p>\n\n\n\n<p>\u2013 Ansprechpartner \u2013<br>Wo lassen sich scharzgelbe, vielfaltblinde, Partei angepasste Entscheidungstragende erreichen? An dem Platz, wo sie arbeiten \u2013 ihre B\u00fcros. In der K\u00fcrzungsdebatte sind es die B\u00fcros der CDU- und FDP-Fraktion im Landtag, die \u201eB\u00fcrger\u201cb\u00fcros der Scharzgelben und Unlands Finanzminsterium.<\/p>\n\n\n\n<p>\u2013 Zuh\u00f6ren \u2013<br>Zugeh\u00f6rt wird erst, wenn m\u00f6glichst viele Menschen davon wissen. Der unschlagbare Multiplikator daf\u00fcr ist die Presse. Und durch die Jagd nach Sensationen braucht es gute Sensationen. Und eine Demo ist keine Sensation mehr.<br>Eine Sensation ist es, wenn B\u00fcros an dutzenden Orten in Sachsen nicht mehr nutzbar sind und die Presse davon wei\u00df. Daf\u00fcr braucht es eine schnelle Kommunikation mit der Presse und \u00f6ffentlichen Stellen; eine unabh\u00e4ngig arbeitende Gruppe, die immer auf dem aktuellen Stand ist, ohne selbst zur\u00fcckverfolgbar und blockbierbar zu sein, um Informationen schnell weiterzutragen.<\/p>\n\n\n\n<p>\u2013 Sensationen \u2013<br>Lasst uns lernen: Flashmobs, Demos, Besetzungen, Blockaden, Generalstreiks, brennende Autos, Bombendrohungen und -anschl\u00e4ge, Entf\u00fchrungen. Es braucht vermutlich immer erst das eine, bevor das n\u00e4chste passiert. Demos gab es dieses Jahr bereits zwei. Es wird Zeit f\u00fcr Besetzungen und Blockaden.<\/p>\n\n\n\n<p>\u2013 Gruppen \u2013<br>Aufgrund der \u00f6rtlichen Distanz der sinnvoll anvisierten Objekte ben\u00f6tigt es viele Aktive; viele Aktive, die sich in kleinen Gruppen unterst\u00fctzen, nur wissend, welcher Zeitpunkt g\u00fcnstig ist. Mehr Kommunikation sollte es nicht bed\u00fcrfen. Zur richtigen Zeit am anderen Ort.<\/p>\n\n\n\n<p>\u2013 Recht \u2013<br>Eine juristisch versierte Gruppe ist unerl\u00e4sslich. Ansprechpartner f\u00fcr viele, unabh\u00e4ngig des Anfragenden, nur \u00fcber einen oder zwei Wege erreichbar. Das aber rund um die Uhr. Und unabh\u00e4ngig des jeweiligen juristischen Problems arbeitsf\u00e4hig.<\/p>\n\n\n\n<p>Geht das so?<\/p>\n\n\n\n<p>Wenn \u00fcber Demonstrationen nur noch geschmunzelt wird,<br>wenn keine Petition mehr hilft,<br>wenn Argumente polemisch abgeschmettert werden,<br>wenn Entscheidungstragende es einfach \u201ebesser\u201c wissen,<br>dann schimpfe ich am Stammtisch dar\u00fcber,<br>dann setze ich mich vor den Fernseher,<br>dann h\u00f6re ich weg,<br>dann weine ich mich in den Schlaf.<br>Oder etwa nicht?<\/p>\n","protected":false},"excerpt":{"rendered":"<p>12.000 waren auf der Stra\u00dfe \u2013 so die Zahlen der Organisatoren. In der Presse ist die Rede von der Protestdemokratie Deutschlands. Ist die Demo vorbei, geht\u2019s mit einem guten Gef\u00fchl nach Hause. Und dann?<\/p>\n","protected":false},"author":1,"featured_media":0,"comment_status":"open","ping_status":"open","sticky":false,"template":"","format":"standard","meta":{"_aioseo_title":"","_aioseo_description":"","footnotes":""},"categories":[6],"tags":[],"class_list":{"0":"post-4698","1":"post","2":"type-post","3":"status-publish","4":"format-standard","6":"category-blog"},"_links":{"self":[{"href":"https:\/\/jankosyk.de\/en\/wp-json\/wp\/v2\/posts\/4698","targetHints":{"allow":["GET"]}}],"collection":[{"href":"https:\/\/jankosyk.de\/en\/wp-json\/wp\/v2\/posts"}],"about":[{"href":"https:\/\/jankosyk.de\/en\/wp-json\/wp\/v2\/types\/post"}],"author":[{"embeddable":true,"href":"https:\/\/jankosyk.de\/en\/wp-json\/wp\/v2\/users\/1"}],"replies":[{"embeddable":true,"href":"https:\/\/jankosyk.de\/en\/wp-json\/wp\/v2\/comments?post=4698"}],"version-history":[{"count":1,"href":"https:\/\/jankosyk.de\/en\/wp-json\/wp\/v2\/posts\/4698\/revisions"}],"predecessor-version":[{"id":4699,"href":"https:\/\/jankosyk.de\/en\/wp-json\/wp\/v2\/posts\/4698\/revisions\/4699"}],"wp:attachment":[{"href":"https:\/\/jankosyk.de\/en\/wp-json\/wp\/v2\/media?parent=4698"}],"wp:term":[{"taxonomy":"category","embeddable":true,"href":"https:\/\/jankosyk.de\/en\/wp-json\/wp\/v2\/categories?post=4698"},{"taxonomy":"post_tag","embeddable":true,"href":"https:\/\/jankosyk.de\/en\/wp-json\/wp\/v2\/tags?post=4698"}],"curies":[{"name":"wp","href":"https:\/\/api.w.org\/{rel}","templated":true}]}}