{"id":50,"date":"2014-03-10T17:32:07","date_gmt":"2014-03-10T15:32:07","guid":{"rendered":"http:\/\/www.kultur-sucht-raum.de\/?p=217"},"modified":"2023-07-02T06:53:57","modified_gmt":"2023-07-02T04:53:57","slug":"treffen-zum-neustadt-art-festival-2014-am-18-maerz","status":"publish","type":"post","link":"https:\/\/jankosyk.de\/en\/treffen-zum-neustadt-art-festival-2014-am-18-maerz\/","title":{"rendered":"Treffen zum Neustadt Art Festival 2014 am 18. M\u00e4rz"},"content":{"rendered":"<p>Das n\u00e4chste Treffen zur Planung des <a href=\"http:\/\/neustadt-art-festival.org\/\">Neustadt Art Festivals<\/a> ist am Dienstag, den 18. M\u00e4rz um 19 Uhr im <a href=\"http:\/\/schwarzes-schaf.net\/\">Schwarzen Schaf<\/a>.<\/p>\n<p>Wir planen eine Ausschreibung um Orte und Veranstalter zu finden, die das NAF mit Inhalt f\u00fcllen. Diese Aussschreibung soll am Dienstag so gut wie fertig werden. Au\u00dferdem soll es ein Treffen mit dem Kulturamt und der Stiftung \u00c4u\u00dfere Neustadt geben, um F\u00f6rderm\u00f6glichkeiten durch die Stadt zu planen.<\/p>\n<p>Alle interessierten Anwohnende und K\u00fcnstler sind herzlich eingeladen, <a href=\"http:\/\/www.neustadt-art-festival.org\/kontakt\/\">sich zu beteiligen<\/a>.<\/p>\n<p><a href=\"http:\/\/www.kultur-sucht-raum.de\/?flattrss_redirect&#038;id=217&#038;md5=0d79c4bac8a0094943da09d4519f2e5a\" title=\"Flattr\" ><img decoding=\"async\" src=\"http:\/\/www.kultur-sucht-raum.de\/wp-content\/plugins\/flattr\/img\/flattr-badge-large.png\" alt=\"flattr this!\"\/><\/a><\/p>\n","protected":false},"excerpt":{"rendered":"<p>Das n&auml;chste Treffen zur Planung des Neustadt Art Festivals ist am Dienstag, den 18. M&auml;rz um 19 Uhr im Schwarzen Schaf. Wir planen eine Ausschreibung um Orte und Veranstalter zu finden, die das NAF mit Inhalt f&uuml;llen. Diese Aussschreibung soll am Dienstag so gut wie fertig werden. Au&szlig;erdem soll es ein Treffen mit dem Kulturamt [&hellip;]<\/p>\n","protected":false},"author":1,"featured_media":0,"comment_status":"open","ping_status":"open","sticky":false,"template":"","format":"standard","meta":{"_aioseo_title":"","_aioseo_description":"","footnotes":""},"categories":[37],"tags":[],"class_list":{"0":"post-50","1":"post","2":"type-post","3":"status-publish","4":"format-standard","6":"category-allgemein"},"_links":{"self":[{"href":"https:\/\/jankosyk.de\/en\/wp-json\/wp\/v2\/posts\/50","targetHints":{"allow":["GET"]}}],"collection":[{"href":"https:\/\/jankosyk.de\/en\/wp-json\/wp\/v2\/posts"}],"about":[{"href":"https:\/\/jankosyk.de\/en\/wp-json\/wp\/v2\/types\/post"}],"author":[{"embeddable":true,"href":"https:\/\/jankosyk.de\/en\/wp-json\/wp\/v2\/users\/1"}],"replies":[{"embeddable":true,"href":"https:\/\/jankosyk.de\/en\/wp-json\/wp\/v2\/comments?post=50"}],"version-history":[{"count":1,"href":"https:\/\/jankosyk.de\/en\/wp-json\/wp\/v2\/posts\/50\/revisions"}],"predecessor-version":[{"id":4563,"href":"https:\/\/jankosyk.de\/en\/wp-json\/wp\/v2\/posts\/50\/revisions\/4563"}],"wp:attachment":[{"href":"https:\/\/jankosyk.de\/en\/wp-json\/wp\/v2\/media?parent=50"}],"wp:term":[{"taxonomy":"category","embeddable":true,"href":"https:\/\/jankosyk.de\/en\/wp-json\/wp\/v2\/categories?post=50"},{"taxonomy":"post_tag","embeddable":true,"href":"https:\/\/jankosyk.de\/en\/wp-json\/wp\/v2\/tags?post=50"}],"curies":[{"name":"wp","href":"https:\/\/api.w.org\/{rel}","templated":true}]}}