{"id":5628,"date":"2024-01-15T17:37:24","date_gmt":"2024-01-15T16:37:24","guid":{"rendered":"https:\/\/jankosyk.de\/?p=5628"},"modified":"2024-06-11T15:18:27","modified_gmt":"2024-06-11T13:18:27","slug":"wahl24","status":"publish","type":"post","link":"https:\/\/jankosyk.de\/en\/wahl24\/","title":{"rendered":"Kommunalwahl 2024"},"content":{"rendered":"\n<div class=\"wp-block-columns is-layout-flex wp-container-core-columns-is-layout-9d6595d7 wp-block-columns-is-layout-flex\">\n<div class=\"wp-block-column is-layout-flow wp-block-column-is-layout-flow\">\n<p>Am 9. Juni sind in Sachsen nicht nur EU-Wahlen, sondern auch die Kommunalwahlen. Seit 2014 trete ich f\u00fcr die <a href=\"http:\/\/https\/\/neustadtpiraten.de\">PIRATEN<\/a> in der Dresdner Neustadt an, einerseits f\u00fcr den <a href=\"https:\/\/www.piraten-dresden.de\/stadtrat-dresden\/\">Stadtrat<\/a> im Wahlkreis 2 und andererseits f\u00fcr den <a href=\"https:\/\/www.piraten-dresden.de\/im-stadtbezirksbeirat-neustadt\/\">Stadtbezirksbeirat Neustadt<\/a>. In diesem sa\u00df ich von 2015 bis M\u00e4rz 2023 und setzte mich gegen <a href=\"http:\/\/gebtdasbierfrei.de\">Alkoholverbote<\/a> und f\u00fcr Kulturprojekte, das Assieck, Sp\u00e4tshops, das <a href=\"https:\/\/www.neustadtpiraten.de\/schlagwort\/putzi-gelaende\/\">Putzi-Gel\u00e4nde<\/a> sowie f\u00fcr eine <a href=\"https:\/\/www.neustadtpiraten.de\/mitmachen\/autofrei\/\">autofreie Neustadt<\/a> ein. Zusammen mit Lotte von der PARTEI schufen wir mit <a href=\"https:\/\/neustadt-art-kollektiv.org\/aussitzendeluxe\/\">Aussitzen Deluxe<\/a> ein gro\u00dfes Corona-Hilfe-Projekte f\u00fcr Initiativen und gemeinn\u00fctzige Vereine der Neustadt und konnten diesen drei Jahre lang bei Miete und anderen Kosten unter die Arme greifen.<\/p>\n<\/div>\n\n\n\n<div class=\"wp-block-column is-layout-flow wp-block-column-is-layout-flow\">\n<figure class=\"wp-block-image size-large\"><img loading=\"lazy\" decoding=\"async\" width=\"550\" height=\"427\" src=\"https:\/\/jankosyk.de\/wp-content\/uploads\/Jan-Kossick-Milieus-schuetzen-550x427.jpg\" alt=\"Jan Kossick - Milieus sch\u00fctzen\" class=\"wp-image-5632\" srcset=\"https:\/\/jankosyk.de\/wp-content\/uploads\/Jan-Kossick-Milieus-schuetzen-550x427.jpg 550w, https:\/\/jankosyk.de\/wp-content\/uploads\/Jan-Kossick-Milieus-schuetzen-300x233.jpg 300w, https:\/\/jankosyk.de\/wp-content\/uploads\/Jan-Kossick-Milieus-schuetzen-768x596.jpg 768w, https:\/\/jankosyk.de\/wp-content\/uploads\/Jan-Kossick-Milieus-schuetzen.jpg 911w\" sizes=\"auto, (max-width: 550px) 100vw, 550px\" \/><\/figure>\n<\/div>\n<\/div>\n\n\n\n<p>Neben der Parteipolitik versuche ich der Kulturszene zu helfen, wo es geht. Zuammen mit dem <a href=\"https:\/\/nak.li\">Neustadt Art Kollektiv<\/a> organisieren wir  Auftrittsm\u00f6glichkeiten wie das <a href=\"https:\/\/naf.li\">Neustadt Art Festival<\/a>, die <a href=\"https:\/\/nak.li\/aak\">Akustikkollektive<\/a> (inklusive eigenem Label) und seit letztem Jahr das <a href=\"https:\/\/advenster.org\">Advenster<\/a>. Au\u00dferdem halfen wir w\u00e4hrend des Lockdowns <a href=\"https:\/\/neustadt-art-kollektiv.org\/blaue-fabrik-corona-konzerte\/\">Livestreams<\/a> f\u00fcr den schmalen Geldbeutel zu etablieren.<\/p>\n\n\n\n<p>Ich bin Antifaschist, denn eine demokratische Gesellschaft muss antifaschistisch sein. Ich fuhr Lautis bei <a href=\"https:\/\/dresden-nazifrei.com\">Dresden Nazifrei<\/a> und organisierte Demos. 2019 versuchte ich mit <a href=\"https:\/\/www.youtube.com\/watch?v=6BdZBRi7pNg&#038;list=PLGxA9MJVL_ckMEYDuWzZLVO8FpWDXYNah\">Aufkl\u00e4rung<\/a> und einem <a href=\"https:\/\/kmh.neustadt-art-kollektiv.org\/\">Musikvideo<\/a> der AfD entgegenzuwirken. Derzeit unterst\u00fctze ich mit <a href=\"https:\/\/kultopia.org\">Kultopia<\/a> Kampagnen gegen Demokratiefeinde.<\/p>\n\n\n\n<h4 class=\"wp-block-heading\">Kultur finanzieren<\/h4>\n\n\n\n<p>Mein gr\u00f6\u00dftes Steckenpferd in der Kommunalpolitik ist die <strong>Kultur<\/strong>. Sie ist essentieller Bestandteil einer jeden Gesellschaft und tr\u00e4gt zur Vielfalt, zur Verst\u00e4ndigung und zum Zusammenhalt bei. Sie ist mitnichten nur ein optionales Feigenblatt im Kanon der menschlichen Bed\u00fcrfnisse. Kultur ist Staatsaufgabe. Diese Aufgabe wird in der Freien Szene oft ausgelagert und durch freie Tr\u00e4ger \u00fcbernommen \u2013 wie zum Beispiel das <a href=\"https:\/\/neustadt-art-kollektiv.org\">Neustadt Art Kollektiv<\/a>. Doch diese freien Tr\u00e4ger arbeiten im prek\u00e4ren Bereich, da die Kulturnachfrage untersch\u00e4tzt wird und es mehr Arbeit gibt, als die Stadt bereit ist zu finanzieren. So ist der Kulturhaushalt Dresdens seit Jahren bei weniger als 6 Mio. Euro gedeckelt. Allein f\u00fcr eine gerechte Bezahlung der jetzt Angestellten br\u00e4uchte es mindestens 8 Mio. Euro. Damit ist die Kultur jedoch noch nicht einmal ausfinanziert, da viele Initiativen sich im Ehrenamt aufreiben. Hier eine <span style=\"text-decoration: underline;\">Kulturf\u00f6rderung nach Bedarf<\/span> zu schaffen ist ein Traum, f\u00fcr den ich mich einsetze. So lange versuche ich den sozio-kulturellen Initiativen mit Rat und Tat beiseite zu stehen \u2013 wie beim Projekt <a href=\"https:\/\/nak.li\/aussitzendeluxe\">Aussitzen Deluxe<\/a> geschehen. In diesem Sinne werde ich daf\u00fcr k\u00e4mpfen, dass der Stadtbezirk dieselben Finanzmittel wie die Ortschaften erh\u00e4lt \u2013 25 \u20ac pro Einwohnenden anstatt bisher 10 \u20ac. Damit lassen sich viele weitere soziale und kulturelle Projekte umsetzen.<\/p>\n\n\n\n<h4 class=\"wp-block-heading\">Leben statt Parken<\/h4>\n\n\n\n<p>Die \u00c4u\u00dfere Neustadt ist ein Wohnquartier, wird jedoch von der Stadtverwaltung f\u00fcr die Auto-Durchfahrt freigegben. Ein Unding. Anstatt \u2013 wie in Prohlis oder Gorbitz \u00fcblich \u2013 den Autoverkehr nur in den Stadtteil oder hinaus fahren zu lassen, werden alle Konzepte zur <a href=\"https:\/\/www.neustadtpiraten.de\/mitmachen\/autofrei\/\">autofreien Neustadt<\/a> von der Stadtverwaltung ignoriert. Dabei w\u00e4re es so einfach, \u00fcber Einbahnstra\u00dfenregelungen und Rundf\u00fchrungen den Durchgangsverkehr um die Neustadt herumzuleiten. Dabei soll nicht blind jedes Fahrzeug rausgehalten werden: Es geht darum die Stehzeuge und den Durchgangsverkehr im Wohnviertel abzuschaffen. Barcelona hat es mit den <a href=\"https:\/\/de.wikipedia.org\/wiki\/Superblock_(Stadtplanung)\">Superblocks<\/a> vorgemacht. Das Ziel sind Wohnquartiere mit hoher Aufenhaltqualit\u00e4t, viel Gr\u00fcn und Stra\u00dfen f\u00fcr Kinder anstatt f\u00fcr Autos. Um das zu erm\u00f6glichen, wollen wir Autos am Stadtteilrand belassen und mit Quartierbussen und Leih- und Lastenr\u00e4dern die Mobilit\u00e4t gew\u00e4hrleisten.<\/p>\n\n\n\n<h4 class=\"wp-block-heading\">Mietendeckel? Ja, bitte!<\/h4>\n\n\n\n<p>Damit \u00fcberhaupt noch jemand in der Neustadt wohnen kann, sind Wohnraumspekulationen, Luxussanierungen und Kurzzeitvermietungen einzud\u00e4mmen. \u00dcber Milieuschutz und Erhaltungssatzungen ist dies m\u00f6glich. Damit gew\u00e4hrleisten sich nicht nur stabilere Mieten, sondern auch die soziale Durchmischung ist gegeben. Ein Faktor der die Neustadt erst so bunt und lebenswert macht.<\/p>\n\n\n\n<p>Zus\u00e4tzlich sind andere Wohnformen wie Wagenpl\u00e4tze zu erm\u00f6glichen und zu f\u00f6rdern.<\/p>\n\n\n\n<h4 class=\"wp-block-heading\">OpenData<\/h4>\n\n\n\n<p>Neben der Kultur besch\u00e4ftige ich mich als Bachelorette Informatik von Berufs wegen viel mit IT. Deshalb haben wir in der jetzigen Legislatur in Zusammenarbeit mit der Stadtverwaltung ein Konzept erarbeitet, um den <a href=\"https:\/\/dissidenten-fraktion.de\/maschinenlesbarer-haushalt\/\">Maschinenlesbaren Haushalt<\/a> in der n\u00e4chsten Legislatur in die Tat umzusetzen.<\/p>\n\n\n\n<h4 class=\"wp-block-heading\">\u00d6PNV<\/h4>\n\n\n\n<p>Das 9-Euro-Ticket war ein guter Anfang, es wird Zeit f\u00fcr das 0-Euro-Ticket aka der fahrscheinlose \u00d6PNV. Selbst das 9-Euro-Ticket hat lachhafte 10 Mill. Euro im Jahr gekostet \u2013 das kann sich ein schei\u00dfreiches Land auf jeden Fall leisten. Das Thema treibt mich so um, dass ich den Song <a href=\"https:\/\/jankosyk.de\/schwarzparken\">Schwarzparken<\/a> dazu gemacht habe.<\/p>\n\n\n\n<h4 class=\"wp-block-heading\">Kein Tierleid<\/h4>\n\n\n\n<p>Das Dresdner Affenhaus und dessen Ausbau war bereits Thema. Die Haltung von Tieren in K\u00e4figen fernab ihres nat\u00fcrlichen Lebensraumes ist zu unterbinden und abzubauen. Das hei\u00dft, keine st\u00e4dtischen Gelder f\u00fcr die Manifestierung weiteren Tierleids, sondern ein konsequenter R\u00fcckbau des Affenhauses sowie die \u00dcberf\u00fchrung der Insassen in artgerechte Wildgehege. Dazu geh\u00f6rt ebenfalls, das ein Zirkus mit Wildtieren in Dresden nichts verloren hat. Artistik und Akrobatik bieten viel Spa\u00df und Spannung, ohne dass Lebewesen den Gro\u00dfteil ihrer Zeit in engen K\u00e4figen verbringen.<\/p>\n\n\n\n<p>Selbst wem Tierleid egal ist, sollte aufgrund der Klimakatastrophe den Fleischkonsum reduzieren. Auf Stadtebene l\u00e4sst sich das durch <a href=\"https:\/\/utopia.de\/news\/bericht-vegan-ist-die-guenstigste-ernaehrungsform-unter-einer-bedingung_514900\/\">vegane Angebote<\/a> in Kantinen und st\u00e4dtischen Unternehmen umsetzen. Ein <a href=\"https:\/\/greenwire.greenpeace.de\/group\/themengruppe-nachhaltige-landwirtschaft\/inhalt\/greenpeace-rechtsgutachten-fleischwerbung-kann\">Verbot von Fleischwerbung<\/a> im \u00f6ffentlichen Raum nach dem <a href=\"https:\/\/utopia.de\/news\/fleisch-und-milchwerbung-niederlaendische-gemeinden-gehen-drastischen-schritt_602635\/\">Vorbild der Niederlande<\/a> w\u00e4re ein konsequenter n\u00e4chster Schritt.<\/p>\n","protected":false},"excerpt":{"rendered":"<p>Dieses Jahr sind Kommunalwahlen, bei denen ich f\u00fcr die PIRATEN antrete.<\/p>\n","protected":false},"author":1,"featured_media":5629,"comment_status":"open","ping_status":"open","sticky":false,"template":"","format":"standard","meta":{"_aioseo_title":"","_aioseo_description":"","footnotes":""},"categories":[6],"tags":[],"class_list":{"0":"post-5628","1":"post","2":"type-post","3":"status-publish","4":"format-standard","5":"has-post-thumbnail","7":"category-blog"},"_links":{"self":[{"href":"https:\/\/jankosyk.de\/en\/wp-json\/wp\/v2\/posts\/5628","targetHints":{"allow":["GET"]}}],"collection":[{"href":"https:\/\/jankosyk.de\/en\/wp-json\/wp\/v2\/posts"}],"about":[{"href":"https:\/\/jankosyk.de\/en\/wp-json\/wp\/v2\/types\/post"}],"author":[{"embeddable":true,"href":"https:\/\/jankosyk.de\/en\/wp-json\/wp\/v2\/users\/1"}],"replies":[{"embeddable":true,"href":"https:\/\/jankosyk.de\/en\/wp-json\/wp\/v2\/comments?post=5628"}],"version-history":[{"count":7,"href":"https:\/\/jankosyk.de\/en\/wp-json\/wp\/v2\/posts\/5628\/revisions"}],"predecessor-version":[{"id":5929,"href":"https:\/\/jankosyk.de\/en\/wp-json\/wp\/v2\/posts\/5628\/revisions\/5929"}],"wp:featuredmedia":[{"embeddable":true,"href":"https:\/\/jankosyk.de\/en\/wp-json\/wp\/v2\/media\/5629"}],"wp:attachment":[{"href":"https:\/\/jankosyk.de\/en\/wp-json\/wp\/v2\/media?parent=5628"}],"wp:term":[{"taxonomy":"category","embeddable":true,"href":"https:\/\/jankosyk.de\/en\/wp-json\/wp\/v2\/categories?post=5628"},{"taxonomy":"post_tag","embeddable":true,"href":"https:\/\/jankosyk.de\/en\/wp-json\/wp\/v2\/tags?post=5628"}],"curies":[{"name":"wp","href":"https:\/\/api.w.org\/{rel}","templated":true}]}}