{"id":700,"date":"2018-03-12T19:26:54","date_gmt":"2018-03-12T18:26:54","guid":{"rendered":"http:\/\/www.neustadtpiraten.de\/?p=6251"},"modified":"2023-07-02T06:52:21","modified_gmt":"2023-07-02T04:52:21","slug":"einladung-zum-programmparteitag-2018","status":"publish","type":"post","link":"https:\/\/jankosyk.de\/en\/einladung-zum-programmparteitag-2018\/","title":{"rendered":"Einladung zum Programmparteitag 2018"},"content":{"rendered":"<div id=\"magicdomid13\" class=\"ace-line\"><span class=\"author-p-51581\">Liebe Neustadtpirat*innen, Sympathisant*innen und Andere,<\/span><\/div>\n<div id=\"magicdomid14\" class=\"ace-line\">&nbsp;<\/div>\n<div id=\"magicdomid147\" class=\"ace-line\"><span class=\"author-p-51581\">hiermit m\u00f6chten wir Euch recht herzlich zur Mitgliederversammlung f\u00fcr das Wahlprogramm des Ortsverbands Dresden-Neustadt der Piratenpartei einladen. Die Versammlung wird am <\/span><span class=\"author-p-51581 b\"><b>Sonntag, den 8. April 2018<\/b>, im <b>Interrobang<\/b><\/span><span class=\"author-p-51581\"> auf der <strong>Kamenzer Stra\u00dfe 15<\/strong> stattfinden. Den Beginn haben wir auf <strong>13:37 Uhr<\/strong> gelegt, die Akkreditierung wird ab etwa 13 <\/span><span class=\"author-p-51581\">Uhr m\u00f6glich sein.<\/span><\/div>\n<div id=\"magicdomid21\" class=\"ace-line\">&nbsp;<\/div>\n<div id=\"magicdomid22\" class=\"ace-line\"><span class=\"author-p-51581\">Da die Wahlen 2019 n\u00e4her r\u00fccken und Strategien geplant werden m\u00fcssen &#8211; <\/span><span class=\"author-p-51581\">gerade auch im Hinblick auf die Ortschafts-\/Ortsbeiratswahlen &#8211; entwickeln wir unser Programm weiter. Programmantr\u00e4ge k\u00f6nnen per Mail an <\/span><a href=\"mailto:vorstand@neustadtpiraten.de\"><span class=\"author-p-51581 b\">vorstand@neustadtpiraten.de<\/span><\/a><span class=\"author-p-51581\"> geschickt werden.<\/span><\/div>\n<div id=\"magicdomid30\" class=\"ace-line\">&nbsp;<\/div>\n<div id=\"magicdomid207\" class=\"ace-line\"><span class=\"author-p-51581\">Um stimmberechtigt zu sein, d\u00fcrft Ihr mit Euren Mitgliedsbeitragszahlungen nicht im R\u00fcckstand sein. Es wird auf der Versammlung die M\u00f6glichkeit geben, ausstehende Mitgliedsbeitr\u00e4ge zu begleichen. F\u00fcr Fragen rund um Euren Mitgliedsbeitrag und Eure <\/span><span class=\"author-p-51581\">Mitgliedschaft wendet Euch bitte per E-Mail an <\/span><span class=\"author-p-51581 b\"><a href=\"mailto:vorstand@neustadtpiraten.de\">vorstand@neustadtpiraten.de<\/a><\/span><span class=\"author-p-51581\">.<\/span><\/div>\n<div id=\"magicdomid36\" class=\"ace-line\">&nbsp;<\/div>\n<div id=\"magicdomid37\" class=\"ace-line\"><span class=\"author-p-51581\">Die <\/span><span class=\"author-p-51581 b\"><b>vorl\u00e4ufige Tagesordnung<\/b><\/span><span class=\"author-p-51581\"> der Mitgliederversammlung:<\/span><\/div>\n<div id=\"magicdomid38\" class=\"ace-line\">&nbsp;<\/div>\n<ul>\n<li id=\"magicdomid39\" class=\"ace-line\"><span class=\"author-p-51581\">TOP 1 Begr\u00fc\u00dfung, Wahl von Versammlungsleitung und Protokollf\u00fchrung<\/span><\/li>\n<li id=\"magicdomid40\" class=\"ace-line\"><span class=\"author-p-51581\">TOP 2 Beschluss der Tagesordnung<\/span><\/li>\n<li id=\"magicdomid209\" class=\"ace-line\"><span class=\"author-p-51581\">TOP 3 Zulassung von G\u00e4sten, Ton- und Bildaufnahmen<\/span><\/li>\n<li id=\"magicdomid214\" class=\"ace-line\"><span class=\"author-p-51581\">TOP 4 Beschluss der Gesch\u00e4ftsordnung<\/span><\/li>\n<li id=\"magicdomid217\" class=\"ace-line\"><span class=\"author-p-51581\">TOP 5 Satzungs\u00e4nderungsantr\u00e4ge<\/span><\/li>\n<li id=\"magicdomid220\" class=\"ace-line\"><span class=\"author-p-51581\">TOP 6 Programmantr\u00e4ge<\/span><\/li>\n<li id=\"magicdomid223\" class=\"ace-line\"><span class=\"author-p-51581\">TOP 7 Sonstige Antr\u00e4ge<\/span><\/li>\n<li id=\"magicdomid213\" class=\"ace-line\"><span class=\"author-p-51581\">ca. 19 Uhr Ende<\/span><\/li>\n<\/ul>\n<p><span class=\"author-p-51581\">\u00dcber die endg\u00fcltige Tagesordnung entscheidet die Versammlung.<\/span><\/p>\n<div id=\"magicdomid229\" class=\"ace-line\"><span class=\"author-p-51581\">Ohne Gesch\u00e4ftsordung geht es nicht. Wir planen daher unsere gute und bew\u00e4hrte Gesch\u00e4ftsordnung der vergangenen Jahre vorzuschlagen: <\/span><span class=\"author-p-51581 url\"><a href=\"http:\/\/wiki.piratenpartei.de\/SN:Ortsverband\/Dresden\/Neustadt\/OMV2017.1\/GO\">http:\/\/wiki.piratenpartei.de\/SN:Ortsverband\/Dresden\/Neustadt\/OMV2017.1\/GO<\/a><\/span><span class=\"author-p-51581\"> &#8211; \u00fcber die endg\u00fcltige Gesch\u00e4ftsordnung entscheidet die Versammlung.<\/span><\/div>\n<div id=\"magicdomid242\" class=\"ace-line\">&nbsp;<\/div>\n<div id=\"magicdomid243\" class=\"ace-line\"><span class=\"author-p-51581\">Alle Informationen sammeln wir im Wiki und bereiten diese f\u00fcr euch auf: <\/span><span class=\"author-p-51581 url\"><a href=\"https:\/\/wiki.piratenpartei.de\/SN:Ortsverband\/Dresden\/Neustadt\/OMV2018.1\">https:\/\/wiki.piratenpartei.de\/SN:Ortsverband\/Dresden\/Neustadt\/OMV2018.1<\/a><\/span><\/div>\n<div id=\"magicdomid64\" class=\"ace-line\">&nbsp;<\/div>\n<div id=\"magicdomid236\" class=\"ace-line\"><span class=\"author-p-51581\">F\u00fcr&nbsp; kleinere Snacks und Getr\u00e4nke wird gesorgt sein. Nat\u00fcrlich k\u00f6nnt Ihr auch eigene Verpflegung mitbringen. Wir w\u00fcrden uns sehr freuen, wenn ihr zahlreich erscheint &#8211; und gute Laune mitbringt. :o)<\/span><\/div>\n<div id=\"magicdomid68\" class=\"ace-line\">&nbsp;<\/div>\n<div id=\"magicdomid69\" class=\"ace-line\"><span class=\"author-p-51581\">Liebe Gr\u00fc\u00dfe,<\/span><\/div>\n<div id=\"magicdomid238\" class=\"ace-line\"><span class=\"author-p-51581\">Euer Vorstand<\/span><\/div>\n","protected":false},"excerpt":{"rendered":"<p>Liebe Neustadtpirat*innen, Sympathisant*innen und Andere, &nbsp; hiermit m&ouml;chten wir Euch recht herzlich zur Mitgliederversammlung f&uuml;r das Wahlprogramm des Ortsverbands Dresden-Neustadt der Piratenpartei einladen. Die Versammlung wird am Sonntag, den 8. April 2018, im Interrobang auf der Kamenzer Stra&szlig;e 15 stattfinden. Den Beginn haben wir auf 13:37 Uhr gelegt, die Akkreditierung wird ab etwa 13 Uhr [&hellip;]<\/p>\n","protected":false},"author":1,"featured_media":0,"comment_status":"open","ping_status":"open","sticky":false,"template":"","format":"standard","meta":{"_aioseo_title":"","_aioseo_description":"","footnotes":""},"categories":[37],"tags":[],"class_list":{"0":"post-700","1":"post","2":"type-post","3":"status-publish","4":"format-standard","6":"category-allgemein"},"_links":{"self":[{"href":"https:\/\/jankosyk.de\/en\/wp-json\/wp\/v2\/posts\/700","targetHints":{"allow":["GET"]}}],"collection":[{"href":"https:\/\/jankosyk.de\/en\/wp-json\/wp\/v2\/posts"}],"about":[{"href":"https:\/\/jankosyk.de\/en\/wp-json\/wp\/v2\/types\/post"}],"author":[{"embeddable":true,"href":"https:\/\/jankosyk.de\/en\/wp-json\/wp\/v2\/users\/1"}],"replies":[{"embeddable":true,"href":"https:\/\/jankosyk.de\/en\/wp-json\/wp\/v2\/comments?post=700"}],"version-history":[{"count":1,"href":"https:\/\/jankosyk.de\/en\/wp-json\/wp\/v2\/posts\/700\/revisions"}],"predecessor-version":[{"id":4382,"href":"https:\/\/jankosyk.de\/en\/wp-json\/wp\/v2\/posts\/700\/revisions\/4382"}],"wp:attachment":[{"href":"https:\/\/jankosyk.de\/en\/wp-json\/wp\/v2\/media?parent=700"}],"wp:term":[{"taxonomy":"category","embeddable":true,"href":"https:\/\/jankosyk.de\/en\/wp-json\/wp\/v2\/categories?post=700"},{"taxonomy":"post_tag","embeddable":true,"href":"https:\/\/jankosyk.de\/en\/wp-json\/wp\/v2\/tags?post=700"}],"curies":[{"name":"wp","href":"https:\/\/api.w.org\/{rel}","templated":true}]}}