{"id":787,"date":"2019-02-06T16:01:21","date_gmt":"2019-02-06T15:01:21","guid":{"rendered":"https:\/\/www.neustadtpiraten.de\/?p=6647"},"modified":"2023-07-02T08:33:55","modified_gmt":"2023-07-02T06:33:55","slug":"dresden-kippt-und-die-szene-wehrt-sich","status":"publish","type":"post","link":"https:\/\/jankosyk.de\/en\/dresden-kippt-und-die-szene-wehrt-sich\/","title":{"rendered":"Dresden kippt \u2013 und die Szene wehrt sich"},"content":{"rendered":"<p><strong><a href=\"https:\/\/www.neustadtpiraten.de\/wp-content\/uploads\/2019\/02\/Offener-Brief-zur-Situation-in-Dresden-_060219.pdf\">Offener Brief<\/a> zur Situation von Kultur und Soziales: Neustadtpiraten sind Erstunterzeichner und rufen zur Demo auf<\/strong><\/p>\n<p>Dresden, das ist Kultur: Von Semperoper bis Sektor, von Alten Meistern bis Ostrale, vom Schauspiel- bis Festspielhaus. Das soziale Gef\u00fcge der Dresdnerinnen und Dresdner wird von kulturellen als auch sozialen Vereinen und Initiativen gest\u00fctzt. Vielerorts nehmen sich Projekte sozialer Probleme an \u2013 <strong>noch<\/strong>.<\/p>\n<p>Denn Anfang 2019 ist Dresden vor allem eins: <strong>gekippt<\/strong> \u2013 und zwar im Stadtrat. Vor dem Beschluss des Doppelhaushaltes 2019\/20 bildete sich durch Fraktions\u00fcbergange eine rechts-konservative Mehrheit aus CDU, FDP, AFD und Kleinb\u00fcrgerfraktion, die vielen sozialen und kulturellen Projekten den Garaus machen wollen.<\/p>\n<p>Die Liste der Grausamkeiten ist lang: Bisher vorgesehene F\u00f6rdermittel, die wenigstens einen Inflationsausgleich darstellen, sollen nun g\u00e4nzlich <strong>gestrichen<\/strong> werden. Dadurch k\u00f6nnen vor allem kleine Projekte den Mehrbedarf nicht mehr decken. Betroffen sind die Bereiche Bildung, Soziales und Kultur. Bereiche, die generell unterfinanziert sind. Bereiche, in denen knausriges und langfristiges Sparen oben benannter Fraktionen nachhaltig negative Folgen haben wird, f\u00fcr Stadt, Land und Menschen.<\/p>\n<p>Daher hat die freie Kulturszene in Zusammenarbeit mit sozialen Tr\u00e4gern einen <a href=\"https:\/\/www.neustadtpiraten.de\/wp-content\/uploads\/2019\/02\/Offener-Brief-zur-Situation-in-Dresden-_060219.pdf\">offenen Brief<\/a> an den Stadtrat verfasst. Der dringend ben\u00f6tigte Antrag f\u00fcr mehr Kultur und Soziales muss beschlossen werden! Die Neustadtpiraten unterst\u00fctzen die Ziele des offenen Briefs als Erstunterzeichner und bitten euch, diesen Brief ebenfalls zu verbreiten. Wir haben die Hoffnung, Druck auf die oben benannten Fraktionen auszu\u00fcben, denen <a href=\"https:\/\/www.neustadtpiraten.de\/radweg-albertstrasse-wegrasiert-luftreinhalteplan-nach-nur-2h-verletzt\/\">Autos mehr wert sind<\/a> als eine lebendige Zivilgesellschaft.<\/p>\n<p>\u00dcber einen Eilantrag von Rot-Gr\u00fcn-Rot-Orange zur Verhinderung des Vorhabens und zur Zukunftssicherung der Projekte wird am <strong>Freitag, den 8. Februar 2019<\/strong>, im Stadtrat entschieden. Vor der Stadtratssitzung findet die Demonstration <a href=\"https:\/\/www.facebook.com\/events\/259950784918491\/\">Dresden kippt: Die Zweite<\/a> ab 14:30 Uhr direkt vor dem Rathaus (Goldene Pforte) statt.<\/p>\n<p><strong>Kommt zahlreich und seid laut, denn Dresden kippt!<\/strong><\/p>\n","protected":false},"excerpt":{"rendered":"<p>Offener Brief zur Situation von Kultur und Soziales: Neustadtpiraten sind Erstunterzeichner und rufen zur Demo auf Dresden, das ist Kultur: Von Semperoper bis Sektor, von Alten Meistern bis Ostrale, vom Schauspiel- bis Festspielhaus. Das soziale Gef&uuml;ge der Dresdnerinnen und Dresdner wird von kulturellen als auch sozialen Vereinen und Initiativen gest&uuml;tzt. Vielerorts nehmen sich Projekte sozialer [&hellip;]<\/p>\n","protected":false},"author":1,"featured_media":0,"comment_status":"open","ping_status":"open","sticky":false,"template":"","format":"standard","meta":{"_aioseo_title":"","_aioseo_description":"","footnotes":""},"categories":[37],"tags":[],"class_list":{"0":"post-787","1":"post","2":"type-post","3":"status-publish","4":"format-standard","6":"category-allgemein"},"_links":{"self":[{"href":"https:\/\/jankosyk.de\/en\/wp-json\/wp\/v2\/posts\/787","targetHints":{"allow":["GET"]}}],"collection":[{"href":"https:\/\/jankosyk.de\/en\/wp-json\/wp\/v2\/posts"}],"about":[{"href":"https:\/\/jankosyk.de\/en\/wp-json\/wp\/v2\/types\/post"}],"author":[{"embeddable":true,"href":"https:\/\/jankosyk.de\/en\/wp-json\/wp\/v2\/users\/1"}],"replies":[{"embeddable":true,"href":"https:\/\/jankosyk.de\/en\/wp-json\/wp\/v2\/comments?post=787"}],"version-history":[{"count":2,"href":"https:\/\/jankosyk.de\/en\/wp-json\/wp\/v2\/posts\/787\/revisions"}],"predecessor-version":[{"id":4611,"href":"https:\/\/jankosyk.de\/en\/wp-json\/wp\/v2\/posts\/787\/revisions\/4611"}],"wp:attachment":[{"href":"https:\/\/jankosyk.de\/en\/wp-json\/wp\/v2\/media?parent=787"}],"wp:term":[{"taxonomy":"category","embeddable":true,"href":"https:\/\/jankosyk.de\/en\/wp-json\/wp\/v2\/categories?post=787"},{"taxonomy":"post_tag","embeddable":true,"href":"https:\/\/jankosyk.de\/en\/wp-json\/wp\/v2\/tags?post=787"}],"curies":[{"name":"wp","href":"https:\/\/api.w.org\/{rel}","templated":true}]}}