{"id":976,"date":"2021-02-25T07:42:14","date_gmt":"2021-02-25T06:42:14","guid":{"rendered":"https:\/\/www.neustadtpiraten.de\/?p=8133"},"modified":"2023-07-02T06:51:51","modified_gmt":"2023-07-02T04:51:51","slug":"sbr-bericht-brn-faellt-aus-naf-findet-statt","status":"publish","type":"post","link":"https:\/\/jankosyk.de\/en\/sbr-bericht-brn-faellt-aus-naf-findet-statt\/","title":{"rendered":"SBR-Bericht: BRN f\u00e4llt aus, NAF findet statt"},"content":{"rendered":"<p>Nachdem im Januar die Sitzung wegen Corona und mangels Dringlichkeit ausfiel, trafen wir uns nun am vergangenen Montag. Neben vielen F\u00f6rderantr\u00e4gen und dem Wunsch nach weniger Zweckentfremdung von Wohnraum erfuhren wir, dass die BRN auch dieses Jahr nicht wie gewohnt stattfindet.<\/p>\n<h2>BRN f\u00e4llt aus<\/h2>\n<p>Wie Ulla Wacker beim Tagesordnungspunkt <em>Sonstiges<\/em> berichtet, plant das <a href=\"https:\/\/brn-buero.de\/\">BRN-B\u00fcro<\/a> nicht mit einer im Juni stattfindenden <strong>BRN<\/strong>. Das sei wohl mit der Stadt schon so gekl\u00e4rt. Es gibt Ideen zu kleinteiligen Veranstaltungen im Herbst. Aufgrund der unvorhersehbaren Entwicklung ist die genaue r\u00e4umliche und zeitliche Ausf\u00fchrung jedoch nicht vorhersagbar. Wir werden auf dem Laufenden gehalten.<\/p>\n<h2>NAF findet statt<\/h2>\n<p>Wir hatten f\u00fcnf F\u00f6rderantr\u00e4ge zu beraten. Der F\u00f6rderantrag f\u00fcr das <strong><a href=\"https:\/\/naf.li\/\">Neustadt Art Festival<\/a><\/strong> wurde einstimmig bewilligt. Damit ist die Finanzierung des Festivals gesichert und dieses kann Ende September stattfinden. Allerdings stellt sich auch hier die Frage, wieviel davon offline passieren kann. Im weiteren wurden folgende F\u00f6rdersummen bewilligt:<\/p>\n<p>Das Projekt <strong>Chancen f\u00fcr die Chancenlosen<\/strong> bat um eine \u00dcberbr\u00fcckungsfinanzierung in H\u00f6he von 31.247 \u20ac. Als kleines Projekt 2019 gestartet, bietet es \u00e4u\u00dferst niedrigschwellig Menschen neue Chancen f\u00fcr ein selbstbestimmtes Leben. Am Projekt waren im Schnitt 8 bis 10 Menschen beteiligt, eine &#8220;bunt gemischte Truppe&#8221;. Die Teilnahme ist freiwillig, da keine Beauflagung vom Jobcenter oder Sozialamt vorliegt. Ein Teil der Teilnehmenden konnte im Anschluss weitervermittelt werden. Die Nachfrage nach einer Fortf\u00fchrung des Projektes ist hoch.<\/p>\n<p>Da das Projekt f\u00fcr 2021 noch nicht komplett im Haushalt der Stadt Dresden eingeplant werden konnte, springt der Bezirksrat ein und \u00fcbernimmt 45% der Kosten. Die F\u00f6rderung wurde einstimmig beschlossen.<\/p>\n<p>Weiterhin wurde mit den Stimmen der linksgr\u00fcnen Mehrheit die Unterst\u00fctzung eines monatlichen Treffs des Netzwerkes <strong><a href=\"https:\/\/bne-sachsen.de\/was-ist-bne\/\">Bildung f\u00fcr nachhaltige Entwicklung<\/a><\/strong> im Malobeo beschlossen, die <a href=\"https:\/\/vorplatz.scheune.org\/\"><strong>Bespielung des Scheunevorplatzes<\/strong><\/a> wird mit 7.200 \u20ac gef\u00f6rdert und es werden im Laufe des Jahres Orte, Ereignisse und Pers\u00f6nlichkeiten der Neustadt f\u00fcr das <strong>Stadtarchiv<\/strong> abgelichtet. Das l\u00e4sst sich der Bezirksrat 7.500 \u20ac kosten, die gut 1.000 Bilder sind danach der \u00d6ffentlichkeit zug\u00e4nglich. An diesem Punkt habe ich mich enthalten, da das Projekt nicht dieses Jahr durchgef\u00fchrt werden m\u00fcsste. Da es jedoch schon l\u00e4uft und viele Zahnr\u00e4der ineinandergreifen, ist eine Verschiebung um ein oder zwei Jahre nicht m\u00f6glich.<\/p>\n<p>Alle F\u00f6rderzusagen stehen unter Vorbehalt, bis der Doppelhaushalt 21\/22 der Stadt gepr\u00fcft und best\u00e4tigt ist. Das wird vermutlich Ende M\u00e4rz der Fall sein.<\/p>\n<h2>AirBnB und Zweckentfremdung<\/h2>\n<p>Da sich das Land Sachsen weiter damit schwer tut, eine Zweckentfremdungssatzung f\u00fcr Wohnraum zu erm\u00f6glichen, soll Dresden zumindest eine Statistik dar\u00fcber f\u00fchren, wieviel Wohnraum tats\u00e4chlich dem Mietmarkt entzogen ist. Die Idee kommt von der SPD, die Gr\u00fcnen erg\u00e4nzen noch, dass der Oberb\u00fcrgermeister bitte beim Land Druck machen soll, um eine Zweckentfremdungssatzung einf\u00fchren zu k\u00f6nnen. Beides wurde vom Rat so beschlossen.<\/p>\n<p>Bis zum n\u00e4chsten Bericht,<\/p>\n<table class=\"no-border\">\n<tbody>\n<tr>\n<td><img loading=\"lazy\" decoding=\"async\" class=\"size-thumbnail wp-image-7844 alignnone\" src=\"https:\/\/www.neustadtpiraten.de\/wp-content\/uploads\/2020\/06\/Anne-150x150.jpg\" alt=\"\" width=\"150\" height=\"150\" \/><br \/>\nAnne Herpertz<\/td>\n<td><img loading=\"lazy\" decoding=\"async\" class=\"size-thumbnail wp-image-7833 alignnone\" src=\"https:\/\/www.neustadtpiraten.de\/wp-content\/uploads\/2020\/05\/Jan-Kossick-Milieus-sch%C3%BCtzen-150x150.jpg\" alt=\"\" width=\"150\" height=\"150\" \/><br \/>\nJan Kossick<\/td>\n<\/tr>\n<tr>\n<td>Neustadtpiratenb\u00fcroleiterin<\/td>\n<td>Bezirksrat f\u00fcr die Neustadt<\/td>\n<\/tr>\n<\/tbody>\n<\/table>\n","protected":false},"excerpt":{"rendered":"<p>Nachdem im Januar die Sitzung wegen Corona und mangels Dringlichkeit ausfiel, trafen wir uns nun am vergangenen Montag. Neben vielen F&ouml;rderantr&auml;gen und dem Wunsch nach weniger Zweckentfremdung von Wohnraum erfuhren wir, dass die BRN auch dieses Jahr nicht wie gewohnt stattfindet. BRN f&auml;llt aus Wie Ulla Wacker beim Tagesordnungspunkt Sonstiges berichtet, plant das BRN-B&uuml;ro nicht [&hellip;]<\/p>\n","protected":false},"author":1,"featured_media":0,"comment_status":"open","ping_status":"open","sticky":false,"template":"","format":"standard","meta":{"_aioseo_title":"","_aioseo_description":"","footnotes":""},"categories":[37],"tags":[],"class_list":{"0":"post-976","1":"post","2":"type-post","3":"status-publish","4":"format-standard","6":"category-allgemein"},"_links":{"self":[{"href":"https:\/\/jankosyk.de\/en\/wp-json\/wp\/v2\/posts\/976","targetHints":{"allow":["GET"]}}],"collection":[{"href":"https:\/\/jankosyk.de\/en\/wp-json\/wp\/v2\/posts"}],"about":[{"href":"https:\/\/jankosyk.de\/en\/wp-json\/wp\/v2\/types\/post"}],"author":[{"embeddable":true,"href":"https:\/\/jankosyk.de\/en\/wp-json\/wp\/v2\/users\/1"}],"replies":[{"embeddable":true,"href":"https:\/\/jankosyk.de\/en\/wp-json\/wp\/v2\/comments?post=976"}],"version-history":[{"count":1,"href":"https:\/\/jankosyk.de\/en\/wp-json\/wp\/v2\/posts\/976\/revisions"}],"predecessor-version":[{"id":4322,"href":"https:\/\/jankosyk.de\/en\/wp-json\/wp\/v2\/posts\/976\/revisions\/4322"}],"wp:attachment":[{"href":"https:\/\/jankosyk.de\/en\/wp-json\/wp\/v2\/media?parent=976"}],"wp:term":[{"taxonomy":"category","embeddable":true,"href":"https:\/\/jankosyk.de\/en\/wp-json\/wp\/v2\/categories?post=976"},{"taxonomy":"post_tag","embeddable":true,"href":"https:\/\/jankosyk.de\/en\/wp-json\/wp\/v2\/tags?post=976"}],"curies":[{"name":"wp","href":"https:\/\/api.w.org\/{rel}","templated":true}]}}